{"id":7505,"date":"2025-01-09T15:48:40","date_gmt":"2025-01-09T14:48:40","guid":{"rendered":"https:\/\/www.lumieredencre.fr\/?p=7505"},"modified":"2025-03-07T11:25:53","modified_gmt":"2025-03-07T10:25:53","slug":"appel-a-residence-transfrontaliere-2025","status":"publish","type":"post","link":"https:\/\/www.lumieredencre.fr\/en\/appel-a-residence-transfrontaliere-2025\/","title":{"rendered":"Appel \u00e0 r\u00e9sidence transfrontali\u00e8re 2025"},"content":{"rendered":"<p><strong>Date limite pour les dossier : 9 f\u00e9vrier 2025<\/strong><\/p>\n\n\n\n<figure class=\"wp-block-image size-large\"><img fetchpriority=\"high\" decoding=\"async\" width=\"1024\" height=\"726\" src=\"https:\/\/www.lumieredencre.fr\/wp-content\/uploads\/2025\/01\/Affiche-AAP-Residence_2025_Lumiere_d_Encre-Nau_Coclea-Retour-Retorn-fr-1024x726.jpg\" alt=\"\" class=\"wp-image-7519\" srcset=\"https:\/\/www.lumieredencre.fr\/wp-content\/uploads\/2025\/01\/Affiche-AAP-Residence_2025_Lumiere_d_Encre-Nau_Coclea-Retour-Retorn-fr-1024x726.jpg 1024w, https:\/\/www.lumieredencre.fr\/wp-content\/uploads\/2025\/01\/Affiche-AAP-Residence_2025_Lumiere_d_Encre-Nau_Coclea-Retour-Retorn-fr-300x213.jpg 300w, https:\/\/www.lumieredencre.fr\/wp-content\/uploads\/2025\/01\/Affiche-AAP-Residence_2025_Lumiere_d_Encre-Nau_Coclea-Retour-Retorn-fr-768x545.jpg 768w, https:\/\/www.lumieredencre.fr\/wp-content\/uploads\/2025\/01\/Affiche-AAP-Residence_2025_Lumiere_d_Encre-Nau_Coclea-Retour-Retorn-fr-1536x1090.jpg 1536w, https:\/\/www.lumieredencre.fr\/wp-content\/uploads\/2025\/01\/Affiche-AAP-Residence_2025_Lumiere_d_Encre-Nau_Coclea-Retour-Retorn-fr-2048x1453.jpg 2048w, https:\/\/www.lumieredencre.fr\/wp-content\/uploads\/2025\/01\/Affiche-AAP-Residence_2025_Lumiere_d_Encre-Nau_Coclea-Retour-Retorn-fr-352x250.jpg 352w, https:\/\/www.lumieredencre.fr\/wp-content\/uploads\/2025\/01\/Affiche-AAP-Residence_2025_Lumiere_d_Encre-Nau_Coclea-Retour-Retorn-fr-952x675.jpg 952w, https:\/\/www.lumieredencre.fr\/wp-content\/uploads\/2025\/01\/Affiche-AAP-Residence_2025_Lumiere_d_Encre-Nau_Coclea-Retour-Retorn-fr-400x284.jpg 400w, https:\/\/www.lumieredencre.fr\/wp-content\/uploads\/2025\/01\/Affiche-AAP-Residence_2025_Lumiere_d_Encre-Nau_Coclea-Retour-Retorn-fr-510x362.jpg 510w, https:\/\/www.lumieredencre.fr\/wp-content\/uploads\/2025\/01\/Affiche-AAP-Residence_2025_Lumiere_d_Encre-Nau_Coclea-Retour-Retorn-fr-1080x766.jpg 1080w, https:\/\/www.lumieredencre.fr\/wp-content\/uploads\/2025\/01\/Affiche-AAP-Residence_2025_Lumiere_d_Encre-Nau_Coclea-Retour-Retorn-fr-1280x908.jpg 1280w, https:\/\/www.lumieredencre.fr\/wp-content\/uploads\/2025\/01\/Affiche-AAP-Residence_2025_Lumiere_d_Encre-Nau_Coclea-Retour-Retorn-fr-980x695.jpg 980w, https:\/\/www.lumieredencre.fr\/wp-content\/uploads\/2025\/01\/Affiche-AAP-Residence_2025_Lumiere_d_Encre-Nau_Coclea-Retour-Retorn-fr-480x341.jpg 480w\" sizes=\"(max-width: 1024px) 100vw, 1024px\" \/><\/figure>\n\n\n\n<p>Le Centre de Cr\u00e9ation Contemporaine Nau C\u00f4clea de Camallera et le Centre d\u2019Art et de Photographie Lumi\u00e8re d\u2019Encre de C\u00e9ret proposent un programme de r\u00e9sidence visant \u00e0 offrir \u00e0 deux cr\u00e9ateurs le d\u00e9veloppement d\u2019un projet \u00e9crit et\/ou photographique qui prenne en compte la r\u00e9alit\u00e9 culturelle et sociale du Nord de la Catalogne et de l\u2019Alt Empord\u00e0.<br>\u00c0 l\u2019issue de la r\u00e9sidence, l\u2019artiste ou artistes auront d\u00e9velopp\u00e9 un projet de recueil de po\u00e8mes, roman, roman graphique, reportage, carnet de voyage, r\u00e9cit ou r\u00e9cits, portraits, collection de photographies, etc., refl\u00e9tant des aspects historiques, \u00e9cologiques, \u00e9nerg\u00e9tiques, culturels, sociaux, etc., des r\u00e9alit\u00e9s des deux c\u00f4t\u00e9s de la fronti\u00e8re.<\/p>\n\n\n\n<p><strong>La r\u00e9sidence de l\u2019artiste accueilli(e) par Nau C\u00f4clea est d\u00e9di\u00e9e \u00e0 l\u2019\u00e9criture en catalan<\/strong> et est ouverte \u00e0 tous les artistes r\u00e9sidant en Catalogne. <\/p>\n\n\n\n<p><strong>La r\u00e9sidence de l\u2019artiste s\u00e9lectionn\u00e9(e) par Lumi\u00e8re d\u2019Encre est d\u00e9di\u00e9e \u00e0 la photographie<\/strong> et est ouverte \u00e0 tous les artistes r\u00e9sidant en France.<\/p>\n\n\n\n<p><a href=\"https:\/\/www.lumieredencre.fr\/wp-content\/uploads\/2025\/01\/AAP-Residence_2025_Lumiere_d_Encre-Nau_Coclea-Retour-Retorn-fr.pdf\">T\u00e9l\u00e9charger l&rsquo;appel \u00e0 projets fran\u00e7ais<\/a><\/p>\n\n\n\n<p><a href=\"https:\/\/www.lumieredencre.fr\/wp-content\/uploads\/2025\/01\/AAP-Residence_2025_Lumiere_d_Encre-Nau_Coclea-Retour-Retorn-catV2.pdf\">T\u00e9l\u00e9charger l&rsquo;appel \u00e0 projets catalan<\/a><\/p>","protected":false},"excerpt":{"rendered":"<p>Date limite pour les dossier : 9 f\u00e9vrier 2025 Le Centre de Cr\u00e9ation Contemporaine Nau C\u00f4clea de Camallera et le Centre d\u2019Art et de Photographie Lumi\u00e8re d\u2019Encre de C\u00e9ret proposent un programme de r\u00e9sidence visant \u00e0 offrir \u00e0 deux cr\u00e9ateurs le d\u00e9veloppement d\u2019un projet \u00e9crit et\/ou photographique qui prenne en compte la r\u00e9alit\u00e9 culturelle et sociale du Nord de la Catalogne et de l\u2019Alt Empord\u00e0.\u00c0 l\u2019issue de la r\u00e9sidence, l\u2019artiste ou artistes auront d\u00e9velopp\u00e9 un projet de recueil de po\u00e8mes, roman, roman graphique, reportage, carnet de voyage, r\u00e9cit ou r\u00e9cits, portraits, collection de photographies, etc., refl\u00e9tant des aspects historiques, \u00e9cologiques, \u00e9nerg\u00e9tiques, culturels, sociaux, etc., des r\u00e9alit\u00e9s des deux c\u00f4t\u00e9s de la fronti\u00e8re. La r\u00e9sidence de l\u2019artiste accueilli(e) par Nau C\u00f4clea est d\u00e9di\u00e9e \u00e0 l\u2019\u00e9criture en catalan et est ouverte \u00e0 tous les artistes r\u00e9sidant en Catalogne. La r\u00e9sidence de l\u2019artiste s\u00e9lectionn\u00e9(e) par Lumi\u00e8re d\u2019Encre est d\u00e9di\u00e9e \u00e0 la photographie et est ouverte \u00e0 tous les artistes r\u00e9sidant en France. T\u00e9l\u00e9charger l&rsquo;appel \u00e0 projets fran\u00e7ais T\u00e9l\u00e9charger l&rsquo;appel \u00e0 projets catalan<\/p>","protected":false},"author":1,"featured_media":7517,"comment_status":"closed","ping_status":"closed","sticky":false,"template":"","format":"standard","meta":{"site-sidebar-layout":"default","site-content-layout":"","ast-site-content-layout":"default","site-content-style":"default","site-sidebar-style":"default","ast-global-header-display":"","ast-banner-title-visibility":"","ast-main-header-display":"","ast-hfb-above-header-display":"","ast-hfb-below-header-display":"","ast-hfb-mobile-header-display":"","site-post-title":"","ast-breadcrumbs-content":"","ast-featured-img":"","footer-sml-layout":"","ast-disable-related-posts":"","theme-transparent-header-meta":"","adv-header-id-meta":"","stick-header-meta":"","header-above-stick-meta":"","header-main-stick-meta":"","header-below-stick-meta":"","astra-migrate-meta-layouts":"default","ast-page-background-enabled":"default","ast-page-background-meta":{"desktop":{"background-color":"var(--ast-global-color-5)","background-image":"","background-repeat":"repeat","background-position":"center center","background-size":"auto","background-attachment":"scroll","background-type":"","background-media":"","overlay-type":"","overlay-color":"","overlay-opacity":"","overlay-gradient":""},"tablet":{"background-color":"","background-image":"","background-repeat":"repeat","background-position":"center center","background-size":"auto","background-attachment":"scroll","background-type":"","background-media":"","overlay-type":"","overlay-color":"","overlay-opacity":"","overlay-gradient":""},"mobile":{"background-color":"","background-image":"","background-repeat":"repeat","background-position":"center center","background-size":"auto","background-attachment":"scroll","background-type":"","background-media":"","overlay-type":"","overlay-color":"","overlay-opacity":"","overlay-gradient":""}},"ast-content-background-meta":{"desktop":{"background-color":"var(--ast-global-color-4)","background-image":"","background-repeat":"repeat","background-position":"center center","background-size":"auto","background-attachment":"scroll","background-type":"","background-media":"","overlay-type":"","overlay-color":"","overlay-opacity":"","overlay-gradient":""},"tablet":{"background-color":"var(--ast-global-color-4)","background-image":"","background-repeat":"repeat","background-position":"center center","background-size":"auto","background-attachment":"scroll","background-type":"","background-media":"","overlay-type":"","overlay-color":"","overlay-opacity":"","overlay-gradient":""},"mobile":{"background-color":"var(--ast-global-color-4)","background-image":"","background-repeat":"repeat","background-position":"center center","background-size":"auto","background-attachment":"scroll","background-type":"","background-media":"","overlay-type":"","overlay-color":"","overlay-opacity":"","overlay-gradient":""}},"_jetpack_memberships_contains_paid_content":false,"footnotes":""},"categories":[1],"tags":[],"class_list":["post-7505","post","type-post","status-publish","format-standard","has-post-thumbnail","hentry","category-non-classe"],"yoast_head":"<!-- This site is optimized with the Yoast SEO plugin v27.4 - https:\/\/yoast.com\/product\/yoast-seo-wordpress\/ -->\n<title>Appel \u00e0 r\u00e9sidence transfrontali\u00e8re 2025 -<\/title>\n<meta name=\"robots\" content=\"index, follow, max-snippet:-1, max-image-preview:large, max-video-preview:-1\" \/>\n<link rel=\"canonical\" href=\"https:\/\/www.lumieredencre.fr\/en\/appel-a-residence-transfrontaliere-2025\/\" \/>\n<meta property=\"og:locale\" content=\"en_GB\" \/>\n<meta property=\"og:type\" content=\"article\" \/>\n<meta property=\"og:title\" content=\"Appel \u00e0 r\u00e9sidence transfrontali\u00e8re 2025 -\" \/>\n<meta property=\"og:description\" content=\"Date limite pour les dossier : 9 f\u00e9vrier 2025 Le Centre de Cr\u00e9ation Contemporaine Nau C\u00f4clea de Camallera et le Centre d\u2019Art et de Photographie Lumi\u00e8re d\u2019Encre de C\u00e9ret proposent un programme de r\u00e9sidence visant \u00e0 offrir \u00e0 deux cr\u00e9ateurs le d\u00e9veloppement d\u2019un projet \u00e9crit et\/ou photographique qui prenne en compte la r\u00e9alit\u00e9 culturelle et sociale du Nord de la Catalogne et de l\u2019Alt Empord\u00e0.\u00c0 l\u2019issue de la r\u00e9sidence, l\u2019artiste ou artistes auront d\u00e9velopp\u00e9 un projet de recueil de po\u00e8mes, roman, roman graphique, reportage, carnet de voyage, r\u00e9cit ou r\u00e9cits, portraits, collection de photographies, etc., refl\u00e9tant des aspects historiques, \u00e9cologiques, \u00e9nerg\u00e9tiques, culturels, sociaux, etc., des r\u00e9alit\u00e9s des deux c\u00f4t\u00e9s de la fronti\u00e8re. La r\u00e9sidence de l\u2019artiste accueilli(e) par Nau C\u00f4clea est d\u00e9di\u00e9e \u00e0 l\u2019\u00e9criture en catalan et est ouverte \u00e0 tous les artistes r\u00e9sidant en Catalogne. La r\u00e9sidence de l\u2019artiste s\u00e9lectionn\u00e9(e) par Lumi\u00e8re d\u2019Encre est d\u00e9di\u00e9e \u00e0 la photographie et est ouverte \u00e0 tous les artistes r\u00e9sidant en France. T\u00e9l\u00e9charger l&rsquo;appel \u00e0 projets fran\u00e7ais T\u00e9l\u00e9charger l&rsquo;appel \u00e0 projets catalan\" \/>\n<meta property=\"og:url\" content=\"https:\/\/www.lumieredencre.fr\/en\/appel-a-residence-transfrontaliere-2025\/\" \/>\n<meta property=\"article:publisher\" content=\"https:\/\/fr-fr.facebook.com\/LumieredEncre\" \/>\n<meta property=\"article:published_time\" content=\"2025-01-09T14:48:40+00:00\" \/>\n<meta property=\"article:modified_time\" content=\"2025-03-07T10:25:53+00:00\" \/>\n<meta property=\"og:image\" content=\"https:\/\/www.lumieredencre.fr\/wp-content\/uploads\/2020\/07\/Logo-300x225-px-en-72-dpi-Gris.jpg\" \/>\n\t<meta property=\"og:image:width\" content=\"300\" \/>\n\t<meta property=\"og:image:height\" content=\"225\" \/>\n\t<meta property=\"og:image:type\" content=\"image\/jpeg\" \/>\n<meta name=\"author\" content=\"Lumi\u00e8re d\u2019Encre\" \/>\n<meta name=\"twitter:card\" content=\"summary_large_image\" \/>\n<meta name=\"twitter:creator\" content=\"@lumieredencre\" \/>\n<meta name=\"twitter:site\" content=\"@lumieredencre\" \/>\n<meta name=\"twitter:label1\" content=\"Written by\" \/>\n\t<meta name=\"twitter:data1\" content=\"Lumi\u00e8re d\u2019Encre\" \/>\n\t<meta name=\"twitter:label2\" content=\"Estimated reading time\" \/>\n\t<meta name=\"twitter:data2\" content=\"2 minutes\" \/>\n<script type=\"application\/ld+json\" class=\"yoast-schema-graph\">{\"@context\":\"https:\\\/\\\/schema.org\",\"@graph\":[{\"@type\":\"Article\",\"@id\":\"https:\\\/\\\/www.lumieredencre.fr\\\/appel-a-residence-transfrontaliere-2025\\\/#article\",\"isPartOf\":{\"@id\":\"https:\\\/\\\/www.lumieredencre.fr\\\/appel-a-residence-transfrontaliere-2025\\\/\"},\"author\":{\"name\":\"Lumi\u00e8re d\u2019Encre\",\"@id\":\"https:\\\/\\\/www.lumieredencre.fr\\\/#\\\/schema\\\/person\\\/c032a24cac58628dae354f069608c1c6\"},\"headline\":\"Appel \u00e0 r\u00e9sidence transfrontali\u00e8re 2025\",\"datePublished\":\"2025-01-09T14:48:40+00:00\",\"dateModified\":\"2025-03-07T10:25:53+00:00\",\"mainEntityOfPage\":{\"@id\":\"https:\\\/\\\/www.lumieredencre.fr\\\/appel-a-residence-transfrontaliere-2025\\\/\"},\"wordCount\":215,\"publisher\":{\"@id\":\"https:\\\/\\\/www.lumieredencre.fr\\\/#organization\"},\"image\":{\"@id\":\"https:\\\/\\\/www.lumieredencre.fr\\\/appel-a-residence-transfrontaliere-2025\\\/#primaryimage\"},\"thumbnailUrl\":\"https:\\\/\\\/www.lumieredencre.fr\\\/wp-content\\\/uploads\\\/2025\\\/01\\\/Affiche-AAP-Residence_2025_Lumiere_d_Encre-Nau_Coclea-Retour-Retorn-fr-pdf.jpg\",\"articleSection\":[\"Non class\u00e9\"],\"inLanguage\":\"en-GB\"},{\"@type\":\"WebPage\",\"@id\":\"https:\\\/\\\/www.lumieredencre.fr\\\/appel-a-residence-transfrontaliere-2025\\\/\",\"url\":\"https:\\\/\\\/www.lumieredencre.fr\\\/appel-a-residence-transfrontaliere-2025\\\/\",\"name\":\"Appel \u00e0 r\u00e9sidence transfrontali\u00e8re 2025 -\",\"isPartOf\":{\"@id\":\"https:\\\/\\\/www.lumieredencre.fr\\\/#website\"},\"primaryImageOfPage\":{\"@id\":\"https:\\\/\\\/www.lumieredencre.fr\\\/appel-a-residence-transfrontaliere-2025\\\/#primaryimage\"},\"image\":{\"@id\":\"https:\\\/\\\/www.lumieredencre.fr\\\/appel-a-residence-transfrontaliere-2025\\\/#primaryimage\"},\"thumbnailUrl\":\"https:\\\/\\\/www.lumieredencre.fr\\\/wp-content\\\/uploads\\\/2025\\\/01\\\/Affiche-AAP-Residence_2025_Lumiere_d_Encre-Nau_Coclea-Retour-Retorn-fr-pdf.jpg\",\"datePublished\":\"2025-01-09T14:48:40+00:00\",\"dateModified\":\"2025-03-07T10:25:53+00:00\",\"breadcrumb\":{\"@id\":\"https:\\\/\\\/www.lumieredencre.fr\\\/appel-a-residence-transfrontaliere-2025\\\/#breadcrumb\"},\"inLanguage\":\"en-GB\",\"potentialAction\":[{\"@type\":\"ReadAction\",\"target\":[\"https:\\\/\\\/www.lumieredencre.fr\\\/appel-a-residence-transfrontaliere-2025\\\/\"]}]},{\"@type\":\"ImageObject\",\"inLanguage\":\"en-GB\",\"@id\":\"https:\\\/\\\/www.lumieredencre.fr\\\/appel-a-residence-transfrontaliere-2025\\\/#primaryimage\",\"url\":\"https:\\\/\\\/www.lumieredencre.fr\\\/wp-content\\\/uploads\\\/2025\\\/01\\\/Affiche-AAP-Residence_2025_Lumiere_d_Encre-Nau_Coclea-Retour-Retorn-fr-pdf.jpg\",\"contentUrl\":\"https:\\\/\\\/www.lumieredencre.fr\\\/wp-content\\\/uploads\\\/2025\\\/01\\\/Affiche-AAP-Residence_2025_Lumiere_d_Encre-Nau_Coclea-Retour-Retorn-fr-pdf.jpg\"},{\"@type\":\"BreadcrumbList\",\"@id\":\"https:\\\/\\\/www.lumieredencre.fr\\\/appel-a-residence-transfrontaliere-2025\\\/#breadcrumb\",\"itemListElement\":[{\"@type\":\"ListItem\",\"position\":1,\"name\":\"Accueil\",\"item\":\"https:\\\/\\\/www.lumieredencre.fr\\\/\"},{\"@type\":\"ListItem\",\"position\":2,\"name\":\"Appel \u00e0 r\u00e9sidence transfrontali\u00e8re 2025\"}]},{\"@type\":\"WebSite\",\"@id\":\"https:\\\/\\\/www.lumieredencre.fr\\\/#website\",\"url\":\"https:\\\/\\\/www.lumieredencre.fr\\\/\",\"name\":\"Lumi\u00e8re d Encre\",\"description\":\"\",\"publisher\":{\"@id\":\"https:\\\/\\\/www.lumieredencre.fr\\\/#organization\"},\"potentialAction\":[{\"@type\":\"SearchAction\",\"target\":{\"@type\":\"EntryPoint\",\"urlTemplate\":\"https:\\\/\\\/www.lumieredencre.fr\\\/?s={search_term_string}\"},\"query-input\":{\"@type\":\"PropertyValueSpecification\",\"valueRequired\":true,\"valueName\":\"search_term_string\"}}],\"inLanguage\":\"en-GB\"},{\"@type\":\"Organization\",\"@id\":\"https:\\\/\\\/www.lumieredencre.fr\\\/#organization\",\"name\":\"Lumi\u00e8re d'Encre\",\"url\":\"https:\\\/\\\/www.lumieredencre.fr\\\/\",\"logo\":{\"@type\":\"ImageObject\",\"inLanguage\":\"en-GB\",\"@id\":\"https:\\\/\\\/www.lumieredencre.fr\\\/#\\\/schema\\\/logo\\\/image\\\/\",\"url\":\"https:\\\/\\\/www.lumieredencre.fr\\\/wp-content\\\/uploads\\\/2020\\\/07\\\/Logo-LE-3820px-en-300dpi-Gris--scaled.jpg\",\"contentUrl\":\"https:\\\/\\\/www.lumieredencre.fr\\\/wp-content\\\/uploads\\\/2020\\\/07\\\/Logo-LE-3820px-en-300dpi-Gris--scaled.jpg\",\"width\":2560,\"height\":1920,\"caption\":\"Lumi\u00e8re d'Encre\"},\"image\":{\"@id\":\"https:\\\/\\\/www.lumieredencre.fr\\\/#\\\/schema\\\/logo\\\/image\\\/\"},\"sameAs\":[\"https:\\\/\\\/fr-fr.facebook.com\\\/LumieredEncre\",\"https:\\\/\\\/x.com\\\/lumieredencre\",\"https:\\\/\\\/www.instagram.com\\\/lumieredencre\\\/\",\"https:\\\/\\\/www.linkedin.com\\\/in\\\/lumi\u00e8re-d-encre-a57079111\\\/\",\"https:\\\/\\\/www.youtube.com\\\/channel\\\/UCavaW2PxkCTIvqlpBM07aYQ\\\/featured?view_as=subscriber\"]},{\"@type\":\"Person\",\"@id\":\"https:\\\/\\\/www.lumieredencre.fr\\\/#\\\/schema\\\/person\\\/c032a24cac58628dae354f069608c1c6\",\"name\":\"Lumi\u00e8re d\u2019Encre\",\"image\":{\"@type\":\"ImageObject\",\"inLanguage\":\"en-GB\",\"@id\":\"https:\\\/\\\/secure.gravatar.com\\\/avatar\\\/c3f334223a33931c8f70938c1bcc8e5369d14cfe0d88a0dd37dd7c8a45009dca?s=96&d=mm&r=g\",\"url\":\"https:\\\/\\\/secure.gravatar.com\\\/avatar\\\/c3f334223a33931c8f70938c1bcc8e5369d14cfe0d88a0dd37dd7c8a45009dca?s=96&d=mm&r=g\",\"contentUrl\":\"https:\\\/\\\/secure.gravatar.com\\\/avatar\\\/c3f334223a33931c8f70938c1bcc8e5369d14cfe0d88a0dd37dd7c8a45009dca?s=96&d=mm&r=g\",\"caption\":\"Lumi\u00e8re d\u2019Encre\"}}]}<\/script>\n<!-- \/ Yoast SEO plugin. -->","yoast_head_json":{"title":"Appel \u00e0 r\u00e9sidence transfrontali\u00e8re 2025 -","robots":{"index":"index","follow":"follow","max-snippet":"max-snippet:-1","max-image-preview":"max-image-preview:large","max-video-preview":"max-video-preview:-1"},"canonical":"https:\/\/www.lumieredencre.fr\/en\/appel-a-residence-transfrontaliere-2025\/","og_locale":"en_GB","og_type":"article","og_title":"Appel \u00e0 r\u00e9sidence transfrontali\u00e8re 2025 -","og_description":"Date limite pour les dossier : 9 f\u00e9vrier 2025 Le Centre de Cr\u00e9ation Contemporaine Nau C\u00f4clea de Camallera et le Centre d\u2019Art et de Photographie Lumi\u00e8re d\u2019Encre de C\u00e9ret proposent un programme de r\u00e9sidence visant \u00e0 offrir \u00e0 deux cr\u00e9ateurs le d\u00e9veloppement d\u2019un projet \u00e9crit et\/ou photographique qui prenne en compte la r\u00e9alit\u00e9 culturelle et sociale du Nord de la Catalogne et de l\u2019Alt Empord\u00e0.\u00c0 l\u2019issue de la r\u00e9sidence, l\u2019artiste ou artistes auront d\u00e9velopp\u00e9 un projet de recueil de po\u00e8mes, roman, roman graphique, reportage, carnet de voyage, r\u00e9cit ou r\u00e9cits, portraits, collection de photographies, etc., refl\u00e9tant des aspects historiques, \u00e9cologiques, \u00e9nerg\u00e9tiques, culturels, sociaux, etc., des r\u00e9alit\u00e9s des deux c\u00f4t\u00e9s de la fronti\u00e8re. La r\u00e9sidence de l\u2019artiste accueilli(e) par Nau C\u00f4clea est d\u00e9di\u00e9e \u00e0 l\u2019\u00e9criture en catalan et est ouverte \u00e0 tous les artistes r\u00e9sidant en Catalogne. La r\u00e9sidence de l\u2019artiste s\u00e9lectionn\u00e9(e) par Lumi\u00e8re d\u2019Encre est d\u00e9di\u00e9e \u00e0 la photographie et est ouverte \u00e0 tous les artistes r\u00e9sidant en France. T\u00e9l\u00e9charger l&rsquo;appel \u00e0 projets fran\u00e7ais T\u00e9l\u00e9charger l&rsquo;appel \u00e0 projets catalan","og_url":"https:\/\/www.lumieredencre.fr\/en\/appel-a-residence-transfrontaliere-2025\/","article_publisher":"https:\/\/fr-fr.facebook.com\/LumieredEncre","article_published_time":"2025-01-09T14:48:40+00:00","article_modified_time":"2025-03-07T10:25:53+00:00","og_image":[{"width":300,"height":225,"url":"https:\/\/www.lumieredencre.fr\/wp-content\/uploads\/2020\/07\/Logo-300x225-px-en-72-dpi-Gris.jpg","type":"image\/jpeg"}],"author":"Lumi\u00e8re d\u2019Encre","twitter_card":"summary_large_image","twitter_creator":"@lumieredencre","twitter_site":"@lumieredencre","twitter_misc":{"Written by":"Lumi\u00e8re d\u2019Encre","Estimated reading time":"2 minutes"},"schema":{"@context":"https:\/\/schema.org","@graph":[{"@type":"Article","@id":"https:\/\/www.lumieredencre.fr\/appel-a-residence-transfrontaliere-2025\/#article","isPartOf":{"@id":"https:\/\/www.lumieredencre.fr\/appel-a-residence-transfrontaliere-2025\/"},"author":{"name":"Lumi\u00e8re d\u2019Encre","@id":"https:\/\/www.lumieredencre.fr\/#\/schema\/person\/c032a24cac58628dae354f069608c1c6"},"headline":"Appel \u00e0 r\u00e9sidence transfrontali\u00e8re 2025","datePublished":"2025-01-09T14:48:40+00:00","dateModified":"2025-03-07T10:25:53+00:00","mainEntityOfPage":{"@id":"https:\/\/www.lumieredencre.fr\/appel-a-residence-transfrontaliere-2025\/"},"wordCount":215,"publisher":{"@id":"https:\/\/www.lumieredencre.fr\/#organization"},"image":{"@id":"https:\/\/www.lumieredencre.fr\/appel-a-residence-transfrontaliere-2025\/#primaryimage"},"thumbnailUrl":"https:\/\/www.lumieredencre.fr\/wp-content\/uploads\/2025\/01\/Affiche-AAP-Residence_2025_Lumiere_d_Encre-Nau_Coclea-Retour-Retorn-fr-pdf.jpg","articleSection":["Non class\u00e9"],"inLanguage":"en-GB"},{"@type":"WebPage","@id":"https:\/\/www.lumieredencre.fr\/appel-a-residence-transfrontaliere-2025\/","url":"https:\/\/www.lumieredencre.fr\/appel-a-residence-transfrontaliere-2025\/","name":"Appel \u00e0 r\u00e9sidence transfrontali\u00e8re 2025 -","isPartOf":{"@id":"https:\/\/www.lumieredencre.fr\/#website"},"primaryImageOfPage":{"@id":"https:\/\/www.lumieredencre.fr\/appel-a-residence-transfrontaliere-2025\/#primaryimage"},"image":{"@id":"https:\/\/www.lumieredencre.fr\/appel-a-residence-transfrontaliere-2025\/#primaryimage"},"thumbnailUrl":"https:\/\/www.lumieredencre.fr\/wp-content\/uploads\/2025\/01\/Affiche-AAP-Residence_2025_Lumiere_d_Encre-Nau_Coclea-Retour-Retorn-fr-pdf.jpg","datePublished":"2025-01-09T14:48:40+00:00","dateModified":"2025-03-07T10:25:53+00:00","breadcrumb":{"@id":"https:\/\/www.lumieredencre.fr\/appel-a-residence-transfrontaliere-2025\/#breadcrumb"},"inLanguage":"en-GB","potentialAction":[{"@type":"ReadAction","target":["https:\/\/www.lumieredencre.fr\/appel-a-residence-transfrontaliere-2025\/"]}]},{"@type":"ImageObject","inLanguage":"en-GB","@id":"https:\/\/www.lumieredencre.fr\/appel-a-residence-transfrontaliere-2025\/#primaryimage","url":"https:\/\/www.lumieredencre.fr\/wp-content\/uploads\/2025\/01\/Affiche-AAP-Residence_2025_Lumiere_d_Encre-Nau_Coclea-Retour-Retorn-fr-pdf.jpg","contentUrl":"https:\/\/www.lumieredencre.fr\/wp-content\/uploads\/2025\/01\/Affiche-AAP-Residence_2025_Lumiere_d_Encre-Nau_Coclea-Retour-Retorn-fr-pdf.jpg"},{"@type":"BreadcrumbList","@id":"https:\/\/www.lumieredencre.fr\/appel-a-residence-transfrontaliere-2025\/#breadcrumb","itemListElement":[{"@type":"ListItem","position":1,"name":"Accueil","item":"https:\/\/www.lumieredencre.fr\/"},{"@type":"ListItem","position":2,"name":"Appel \u00e0 r\u00e9sidence transfrontali\u00e8re 2025"}]},{"@type":"WebSite","@id":"https:\/\/www.lumieredencre.fr\/#website","url":"https:\/\/www.lumieredencre.fr\/","name":"Lumi\u00e8re d Encre","description":"","publisher":{"@id":"https:\/\/www.lumieredencre.fr\/#organization"},"potentialAction":[{"@type":"SearchAction","target":{"@type":"EntryPoint","urlTemplate":"https:\/\/www.lumieredencre.fr\/?s={search_term_string}"},"query-input":{"@type":"PropertyValueSpecification","valueRequired":true,"valueName":"search_term_string"}}],"inLanguage":"en-GB"},{"@type":"Organization","@id":"https:\/\/www.lumieredencre.fr\/#organization","name":"Lumi\u00e8re d'Encre","url":"https:\/\/www.lumieredencre.fr\/","logo":{"@type":"ImageObject","inLanguage":"en-GB","@id":"https:\/\/www.lumieredencre.fr\/#\/schema\/logo\/image\/","url":"https:\/\/www.lumieredencre.fr\/wp-content\/uploads\/2020\/07\/Logo-LE-3820px-en-300dpi-Gris--scaled.jpg","contentUrl":"https:\/\/www.lumieredencre.fr\/wp-content\/uploads\/2020\/07\/Logo-LE-3820px-en-300dpi-Gris--scaled.jpg","width":2560,"height":1920,"caption":"Lumi\u00e8re d'Encre"},"image":{"@id":"https:\/\/www.lumieredencre.fr\/#\/schema\/logo\/image\/"},"sameAs":["https:\/\/fr-fr.facebook.com\/LumieredEncre","https:\/\/x.com\/lumieredencre","https:\/\/www.instagram.com\/lumieredencre\/","https:\/\/www.linkedin.com\/in\/lumi\u00e8re-d-encre-a57079111\/","https:\/\/www.youtube.com\/channel\/UCavaW2PxkCTIvqlpBM07aYQ\/featured?view_as=subscriber"]},{"@type":"Person","@id":"https:\/\/www.lumieredencre.fr\/#\/schema\/person\/c032a24cac58628dae354f069608c1c6","name":"Lumi\u00e8re d'Encre","image":{"@type":"ImageObject","inLanguage":"en-GB","@id":"https:\/\/secure.gravatar.com\/avatar\/c3f334223a33931c8f70938c1bcc8e5369d14cfe0d88a0dd37dd7c8a45009dca?s=96&d=mm&r=g","url":"https:\/\/secure.gravatar.com\/avatar\/c3f334223a33931c8f70938c1bcc8e5369d14cfe0d88a0dd37dd7c8a45009dca?s=96&d=mm&r=g","contentUrl":"https:\/\/secure.gravatar.com\/avatar\/c3f334223a33931c8f70938c1bcc8e5369d14cfe0d88a0dd37dd7c8a45009dca?s=96&d=mm&r=g","caption":"Lumi\u00e8re d\u2019Encre"}}]}},"jetpack_featured_media_url":"https:\/\/www.lumieredencre.fr\/wp-content\/uploads\/2025\/01\/Affiche-AAP-Residence_2025_Lumiere_d_Encre-Nau_Coclea-Retour-Retorn-fr-pdf.jpg","jetpack_sharing_enabled":true,"_links":{"self":[{"href":"https:\/\/www.lumieredencre.fr\/en\/wp-json\/wp\/v2\/posts\/7505","targetHints":{"allow":["GET"]}}],"collection":[{"href":"https:\/\/www.lumieredencre.fr\/en\/wp-json\/wp\/v2\/posts"}],"about":[{"href":"https:\/\/www.lumieredencre.fr\/en\/wp-json\/wp\/v2\/types\/post"}],"author":[{"embeddable":true,"href":"https:\/\/www.lumieredencre.fr\/en\/wp-json\/wp\/v2\/users\/1"}],"replies":[{"embeddable":true,"href":"https:\/\/www.lumieredencre.fr\/en\/wp-json\/wp\/v2\/comments?post=7505"}],"version-history":[{"count":3,"href":"https:\/\/www.lumieredencre.fr\/en\/wp-json\/wp\/v2\/posts\/7505\/revisions"}],"predecessor-version":[{"id":7527,"href":"https:\/\/www.lumieredencre.fr\/en\/wp-json\/wp\/v2\/posts\/7505\/revisions\/7527"}],"wp:featuredmedia":[{"embeddable":true,"href":"https:\/\/www.lumieredencre.fr\/en\/wp-json\/wp\/v2\/media\/7517"}],"wp:attachment":[{"href":"https:\/\/www.lumieredencre.fr\/en\/wp-json\/wp\/v2\/media?parent=7505"}],"wp:term":[{"taxonomy":"category","embeddable":true,"href":"https:\/\/www.lumieredencre.fr\/en\/wp-json\/wp\/v2\/categories?post=7505"},{"taxonomy":"post_tag","embeddable":true,"href":"https:\/\/www.lumieredencre.fr\/en\/wp-json\/wp\/v2\/tags?post=7505"}],"curies":[{"name":"wp","href":"https:\/\/api.w.org\/{rel}","templated":true}]}}