{"id":7474,"date":"2024-12-27T14:44:28","date_gmt":"2024-12-27T13:44:28","guid":{"rendered":"https:\/\/www.lumieredencre.fr\/?p=7474"},"modified":"2025-01-09T15:22:26","modified_gmt":"2025-01-09T14:22:26","slug":"ferme-du-dimanche-29-decembre-au-jeudi-2-janvier-compris","status":"publish","type":"post","link":"https:\/\/www.lumieredencre.fr\/en\/ferme-du-dimanche-29-decembre-au-jeudi-2-janvier-compris\/","title":{"rendered":"Ferm\u00e9 du dimanche 29 d\u00e9cembre au jeudi 2 janvier compris."},"content":{"rendered":"<p>Le Centre d&rsquo;Art et de Photographie Lumi\u00e8re d&rsquo;Encre sera ferm\u00e9 du dimanche 29 d\u00e9cembre au jeudi 2 janvier compris.<\/p>\n\n\n\n<p>Passez de tr\u00e8s bonnes f\u00eates de fin d&rsquo;ann\u00e9e.<\/p>","protected":false},"excerpt":{"rendered":"<p>Le Centre d&rsquo;Art et de Photographie Lumi\u00e8re d&rsquo;Encre sera ferm\u00e9 du dimanche 29 d\u00e9cembre au jeudi 2 janvier compris. Passez de tr\u00e8s bonnes f\u00eates de fin d&rsquo;ann\u00e9e.<\/p>","protected":false},"author":1,"featured_media":0,"comment_status":"closed","ping_status":"closed","sticky":false,"template":"","format":"standard","meta":{"site-sidebar-layout":"default","site-content-layout":"","ast-site-content-layout":"default","site-content-style":"default","site-sidebar-style":"default","ast-global-header-display":"","ast-banner-title-visibility":"","ast-main-header-display":"","ast-hfb-above-header-display":"","ast-hfb-below-header-display":"","ast-hfb-mobile-header-display":"","site-post-title":"","ast-breadcrumbs-content":"","ast-featured-img":"","footer-sml-layout":"","ast-disable-related-posts":"","theme-transparent-header-meta":"","adv-header-id-meta":"","stick-header-meta":"","header-above-stick-meta":"","header-main-stick-meta":"","header-below-stick-meta":"","astra-migrate-meta-layouts":"default","ast-page-background-enabled":"default","ast-page-background-meta":{"desktop":{"background-color":"var(--ast-global-color-5)","background-image":"","background-repeat":"repeat","background-position":"center center","background-size":"auto","background-attachment":"scroll","background-type":"","background-media":"","overlay-type":"","overlay-color":"","overlay-opacity":"","overlay-gradient":""},"tablet":{"background-color":"","background-image":"","background-repeat":"repeat","background-position":"center center","background-size":"auto","background-attachment":"scroll","background-type":"","background-media":"","overlay-type":"","overlay-color":"","overlay-opacity":"","overlay-gradient":""},"mobile":{"background-color":"","background-image":"","background-repeat":"repeat","background-position":"center center","background-size":"auto","background-attachment":"scroll","background-type":"","background-media":"","overlay-type":"","overlay-color":"","overlay-opacity":"","overlay-gradient":""}},"ast-content-background-meta":{"desktop":{"background-color":"var(--ast-global-color-4)","background-image":"","background-repeat":"repeat","background-position":"center center","background-size":"auto","background-attachment":"scroll","background-type":"","background-media":"","overlay-type":"","overlay-color":"","overlay-opacity":"","overlay-gradient":""},"tablet":{"background-color":"var(--ast-global-color-4)","background-image":"","background-repeat":"repeat","background-position":"center center","background-size":"auto","background-attachment":"scroll","background-type":"","background-media":"","overlay-type":"","overlay-color":"","overlay-opacity":"","overlay-gradient":""},"mobile":{"background-color":"var(--ast-global-color-4)","background-image":"","background-repeat":"repeat","background-position":"center center","background-size":"auto","background-attachment":"scroll","background-type":"","background-media":"","overlay-type":"","overlay-color":"","overlay-opacity":"","overlay-gradient":""}},"_jetpack_memberships_contains_paid_content":false,"footnotes":""},"categories":[1],"tags":[],"class_list":["post-7474","post","type-post","status-publish","format-standard","hentry","category-non-classe"],"yoast_head":"<!-- This site is optimized with the Yoast SEO plugin v27.4 - https:\/\/yoast.com\/product\/yoast-seo-wordpress\/ -->\n<title>Ferm\u00e9 du dimanche 29 d\u00e9cembre au jeudi 2 janvier compris. -<\/title>\n<meta name=\"robots\" content=\"index, follow, max-snippet:-1, max-image-preview:large, max-video-preview:-1\" \/>\n<link rel=\"canonical\" href=\"https:\/\/www.lumieredencre.fr\/en\/ferme-du-dimanche-29-decembre-au-jeudi-2-janvier-compris\/\" \/>\n<meta property=\"og:locale\" content=\"en_GB\" \/>\n<meta property=\"og:type\" content=\"article\" \/>\n<meta property=\"og:title\" content=\"Ferm\u00e9 du dimanche 29 d\u00e9cembre au jeudi 2 janvier compris. -\" \/>\n<meta property=\"og:description\" content=\"Le Centre d&rsquo;Art et de Photographie Lumi\u00e8re d&rsquo;Encre sera ferm\u00e9 du dimanche 29 d\u00e9cembre au jeudi 2 janvier compris. Passez de tr\u00e8s bonnes f\u00eates de fin d&rsquo;ann\u00e9e.\" \/>\n<meta property=\"og:url\" content=\"https:\/\/www.lumieredencre.fr\/en\/ferme-du-dimanche-29-decembre-au-jeudi-2-janvier-compris\/\" \/>\n<meta property=\"article:publisher\" content=\"https:\/\/fr-fr.facebook.com\/LumieredEncre\" \/>\n<meta property=\"article:published_time\" content=\"2024-12-27T13:44:28+00:00\" \/>\n<meta property=\"article:modified_time\" content=\"2025-01-09T14:22:26+00:00\" \/>\n<meta property=\"og:image\" content=\"https:\/\/www.lumieredencre.fr\/wp-content\/uploads\/2020\/07\/Logo-300x225-px-en-72-dpi-Gris.jpg\" \/>\n\t<meta property=\"og:image:width\" content=\"300\" \/>\n\t<meta property=\"og:image:height\" content=\"225\" \/>\n\t<meta property=\"og:image:type\" content=\"image\/jpeg\" \/>\n<meta name=\"author\" content=\"Lumi\u00e8re d\u2019Encre\" \/>\n<meta name=\"twitter:card\" content=\"summary_large_image\" \/>\n<meta name=\"twitter:creator\" content=\"@lumieredencre\" \/>\n<meta name=\"twitter:site\" content=\"@lumieredencre\" \/>\n<meta name=\"twitter:label1\" content=\"Written by\" \/>\n\t<meta name=\"twitter:data1\" content=\"Lumi\u00e8re d\u2019Encre\" \/>\n\t<meta name=\"twitter:label2\" content=\"Estimated reading time\" \/>\n\t<meta name=\"twitter:data2\" content=\"1 minute\" \/>\n<script type=\"application\/ld+json\" class=\"yoast-schema-graph\">{\"@context\":\"https:\\\/\\\/schema.org\",\"@graph\":[{\"@type\":\"Article\",\"@id\":\"https:\\\/\\\/www.lumieredencre.fr\\\/ferme-du-dimanche-29-decembre-au-jeudi-2-janvier-compris\\\/#article\",\"isPartOf\":{\"@id\":\"https:\\\/\\\/www.lumieredencre.fr\\\/ferme-du-dimanche-29-decembre-au-jeudi-2-janvier-compris\\\/\"},\"author\":{\"name\":\"Lumi\u00e8re d\u2019Encre\",\"@id\":\"https:\\\/\\\/www.lumieredencre.fr\\\/#\\\/schema\\\/person\\\/c032a24cac58628dae354f069608c1c6\"},\"headline\":\"Ferm\u00e9 du dimanche 29 d\u00e9cembre au jeudi 2 janvier compris.\",\"datePublished\":\"2024-12-27T13:44:28+00:00\",\"dateModified\":\"2025-01-09T14:22:26+00:00\",\"mainEntityOfPage\":{\"@id\":\"https:\\\/\\\/www.lumieredencre.fr\\\/ferme-du-dimanche-29-decembre-au-jeudi-2-janvier-compris\\\/\"},\"wordCount\":42,\"publisher\":{\"@id\":\"https:\\\/\\\/www.lumieredencre.fr\\\/#organization\"},\"articleSection\":[\"Non class\u00e9\"],\"inLanguage\":\"en-GB\"},{\"@type\":\"WebPage\",\"@id\":\"https:\\\/\\\/www.lumieredencre.fr\\\/ferme-du-dimanche-29-decembre-au-jeudi-2-janvier-compris\\\/\",\"url\":\"https:\\\/\\\/www.lumieredencre.fr\\\/ferme-du-dimanche-29-decembre-au-jeudi-2-janvier-compris\\\/\",\"name\":\"Ferm\u00e9 du dimanche 29 d\u00e9cembre au jeudi 2 janvier compris. -\",\"isPartOf\":{\"@id\":\"https:\\\/\\\/www.lumieredencre.fr\\\/#website\"},\"datePublished\":\"2024-12-27T13:44:28+00:00\",\"dateModified\":\"2025-01-09T14:22:26+00:00\",\"breadcrumb\":{\"@id\":\"https:\\\/\\\/www.lumieredencre.fr\\\/ferme-du-dimanche-29-decembre-au-jeudi-2-janvier-compris\\\/#breadcrumb\"},\"inLanguage\":\"en-GB\",\"potentialAction\":[{\"@type\":\"ReadAction\",\"target\":[\"https:\\\/\\\/www.lumieredencre.fr\\\/ferme-du-dimanche-29-decembre-au-jeudi-2-janvier-compris\\\/\"]}]},{\"@type\":\"BreadcrumbList\",\"@id\":\"https:\\\/\\\/www.lumieredencre.fr\\\/ferme-du-dimanche-29-decembre-au-jeudi-2-janvier-compris\\\/#breadcrumb\",\"itemListElement\":[{\"@type\":\"ListItem\",\"position\":1,\"name\":\"Accueil\",\"item\":\"https:\\\/\\\/www.lumieredencre.fr\\\/\"},{\"@type\":\"ListItem\",\"position\":2,\"name\":\"Ferm\u00e9 du dimanche 29 d\u00e9cembre au jeudi 2 janvier compris.\"}]},{\"@type\":\"WebSite\",\"@id\":\"https:\\\/\\\/www.lumieredencre.fr\\\/#website\",\"url\":\"https:\\\/\\\/www.lumieredencre.fr\\\/\",\"name\":\"Lumi\u00e8re d Encre\",\"description\":\"\",\"publisher\":{\"@id\":\"https:\\\/\\\/www.lumieredencre.fr\\\/#organization\"},\"potentialAction\":[{\"@type\":\"SearchAction\",\"target\":{\"@type\":\"EntryPoint\",\"urlTemplate\":\"https:\\\/\\\/www.lumieredencre.fr\\\/?s={search_term_string}\"},\"query-input\":{\"@type\":\"PropertyValueSpecification\",\"valueRequired\":true,\"valueName\":\"search_term_string\"}}],\"inLanguage\":\"en-GB\"},{\"@type\":\"Organization\",\"@id\":\"https:\\\/\\\/www.lumieredencre.fr\\\/#organization\",\"name\":\"Lumi\u00e8re d'Encre\",\"url\":\"https:\\\/\\\/www.lumieredencre.fr\\\/\",\"logo\":{\"@type\":\"ImageObject\",\"inLanguage\":\"en-GB\",\"@id\":\"https:\\\/\\\/www.lumieredencre.fr\\\/#\\\/schema\\\/logo\\\/image\\\/\",\"url\":\"https:\\\/\\\/www.lumieredencre.fr\\\/wp-content\\\/uploads\\\/2020\\\/07\\\/Logo-LE-3820px-en-300dpi-Gris--scaled.jpg\",\"contentUrl\":\"https:\\\/\\\/www.lumieredencre.fr\\\/wp-content\\\/uploads\\\/2020\\\/07\\\/Logo-LE-3820px-en-300dpi-Gris--scaled.jpg\",\"width\":2560,\"height\":1920,\"caption\":\"Lumi\u00e8re d'Encre\"},\"image\":{\"@id\":\"https:\\\/\\\/www.lumieredencre.fr\\\/#\\\/schema\\\/logo\\\/image\\\/\"},\"sameAs\":[\"https:\\\/\\\/fr-fr.facebook.com\\\/LumieredEncre\",\"https:\\\/\\\/x.com\\\/lumieredencre\",\"https:\\\/\\\/www.instagram.com\\\/lumieredencre\\\/\",\"https:\\\/\\\/www.linkedin.com\\\/in\\\/lumi\u00e8re-d-encre-a57079111\\\/\",\"https:\\\/\\\/www.youtube.com\\\/channel\\\/UCavaW2PxkCTIvqlpBM07aYQ\\\/featured?view_as=subscriber\"]},{\"@type\":\"Person\",\"@id\":\"https:\\\/\\\/www.lumieredencre.fr\\\/#\\\/schema\\\/person\\\/c032a24cac58628dae354f069608c1c6\",\"name\":\"Lumi\u00e8re d\u2019Encre\",\"image\":{\"@type\":\"ImageObject\",\"inLanguage\":\"en-GB\",\"@id\":\"https:\\\/\\\/secure.gravatar.com\\\/avatar\\\/c3f334223a33931c8f70938c1bcc8e5369d14cfe0d88a0dd37dd7c8a45009dca?s=96&d=mm&r=g\",\"url\":\"https:\\\/\\\/secure.gravatar.com\\\/avatar\\\/c3f334223a33931c8f70938c1bcc8e5369d14cfe0d88a0dd37dd7c8a45009dca?s=96&d=mm&r=g\",\"contentUrl\":\"https:\\\/\\\/secure.gravatar.com\\\/avatar\\\/c3f334223a33931c8f70938c1bcc8e5369d14cfe0d88a0dd37dd7c8a45009dca?s=96&d=mm&r=g\",\"caption\":\"Lumi\u00e8re d\u2019Encre\"}}]}<\/script>\n<!-- \/ Yoast SEO plugin. -->","yoast_head_json":{"title":"Ferm\u00e9 du dimanche 29 d\u00e9cembre au jeudi 2 janvier compris. -","robots":{"index":"index","follow":"follow","max-snippet":"max-snippet:-1","max-image-preview":"max-image-preview:large","max-video-preview":"max-video-preview:-1"},"canonical":"https:\/\/www.lumieredencre.fr\/en\/ferme-du-dimanche-29-decembre-au-jeudi-2-janvier-compris\/","og_locale":"en_GB","og_type":"article","og_title":"Ferm\u00e9 du dimanche 29 d\u00e9cembre au jeudi 2 janvier compris. -","og_description":"Le Centre d&rsquo;Art et de Photographie Lumi\u00e8re d&rsquo;Encre sera ferm\u00e9 du dimanche 29 d\u00e9cembre au jeudi 2 janvier compris. Passez de tr\u00e8s bonnes f\u00eates de fin d&rsquo;ann\u00e9e.","og_url":"https:\/\/www.lumieredencre.fr\/en\/ferme-du-dimanche-29-decembre-au-jeudi-2-janvier-compris\/","article_publisher":"https:\/\/fr-fr.facebook.com\/LumieredEncre","article_published_time":"2024-12-27T13:44:28+00:00","article_modified_time":"2025-01-09T14:22:26+00:00","og_image":[{"width":300,"height":225,"url":"https:\/\/www.lumieredencre.fr\/wp-content\/uploads\/2020\/07\/Logo-300x225-px-en-72-dpi-Gris.jpg","type":"image\/jpeg"}],"author":"Lumi\u00e8re d\u2019Encre","twitter_card":"summary_large_image","twitter_creator":"@lumieredencre","twitter_site":"@lumieredencre","twitter_misc":{"Written by":"Lumi\u00e8re d\u2019Encre","Estimated reading time":"1 minute"},"schema":{"@context":"https:\/\/schema.org","@graph":[{"@type":"Article","@id":"https:\/\/www.lumieredencre.fr\/ferme-du-dimanche-29-decembre-au-jeudi-2-janvier-compris\/#article","isPartOf":{"@id":"https:\/\/www.lumieredencre.fr\/ferme-du-dimanche-29-decembre-au-jeudi-2-janvier-compris\/"},"author":{"name":"Lumi\u00e8re d\u2019Encre","@id":"https:\/\/www.lumieredencre.fr\/#\/schema\/person\/c032a24cac58628dae354f069608c1c6"},"headline":"Ferm\u00e9 du dimanche 29 d\u00e9cembre au jeudi 2 janvier compris.","datePublished":"2024-12-27T13:44:28+00:00","dateModified":"2025-01-09T14:22:26+00:00","mainEntityOfPage":{"@id":"https:\/\/www.lumieredencre.fr\/ferme-du-dimanche-29-decembre-au-jeudi-2-janvier-compris\/"},"wordCount":42,"publisher":{"@id":"https:\/\/www.lumieredencre.fr\/#organization"},"articleSection":["Non class\u00e9"],"inLanguage":"en-GB"},{"@type":"WebPage","@id":"https:\/\/www.lumieredencre.fr\/ferme-du-dimanche-29-decembre-au-jeudi-2-janvier-compris\/","url":"https:\/\/www.lumieredencre.fr\/ferme-du-dimanche-29-decembre-au-jeudi-2-janvier-compris\/","name":"Ferm\u00e9 du dimanche 29 d\u00e9cembre au jeudi 2 janvier compris. -","isPartOf":{"@id":"https:\/\/www.lumieredencre.fr\/#website"},"datePublished":"2024-12-27T13:44:28+00:00","dateModified":"2025-01-09T14:22:26+00:00","breadcrumb":{"@id":"https:\/\/www.lumieredencre.fr\/ferme-du-dimanche-29-decembre-au-jeudi-2-janvier-compris\/#breadcrumb"},"inLanguage":"en-GB","potentialAction":[{"@type":"ReadAction","target":["https:\/\/www.lumieredencre.fr\/ferme-du-dimanche-29-decembre-au-jeudi-2-janvier-compris\/"]}]},{"@type":"BreadcrumbList","@id":"https:\/\/www.lumieredencre.fr\/ferme-du-dimanche-29-decembre-au-jeudi-2-janvier-compris\/#breadcrumb","itemListElement":[{"@type":"ListItem","position":1,"name":"Accueil","item":"https:\/\/www.lumieredencre.fr\/"},{"@type":"ListItem","position":2,"name":"Ferm\u00e9 du dimanche 29 d\u00e9cembre au jeudi 2 janvier compris."}]},{"@type":"WebSite","@id":"https:\/\/www.lumieredencre.fr\/#website","url":"https:\/\/www.lumieredencre.fr\/","name":"Lumi\u00e8re d Encre","description":"","publisher":{"@id":"https:\/\/www.lumieredencre.fr\/#organization"},"potentialAction":[{"@type":"SearchAction","target":{"@type":"EntryPoint","urlTemplate":"https:\/\/www.lumieredencre.fr\/?s={search_term_string}"},"query-input":{"@type":"PropertyValueSpecification","valueRequired":true,"valueName":"search_term_string"}}],"inLanguage":"en-GB"},{"@type":"Organization","@id":"https:\/\/www.lumieredencre.fr\/#organization","name":"Lumi\u00e8re d'Encre","url":"https:\/\/www.lumieredencre.fr\/","logo":{"@type":"ImageObject","inLanguage":"en-GB","@id":"https:\/\/www.lumieredencre.fr\/#\/schema\/logo\/image\/","url":"https:\/\/www.lumieredencre.fr\/wp-content\/uploads\/2020\/07\/Logo-LE-3820px-en-300dpi-Gris--scaled.jpg","contentUrl":"https:\/\/www.lumieredencre.fr\/wp-content\/uploads\/2020\/07\/Logo-LE-3820px-en-300dpi-Gris--scaled.jpg","width":2560,"height":1920,"caption":"Lumi\u00e8re d'Encre"},"image":{"@id":"https:\/\/www.lumieredencre.fr\/#\/schema\/logo\/image\/"},"sameAs":["https:\/\/fr-fr.facebook.com\/LumieredEncre","https:\/\/x.com\/lumieredencre","https:\/\/www.instagram.com\/lumieredencre\/","https:\/\/www.linkedin.com\/in\/lumi\u00e8re-d-encre-a57079111\/","https:\/\/www.youtube.com\/channel\/UCavaW2PxkCTIvqlpBM07aYQ\/featured?view_as=subscriber"]},{"@type":"Person","@id":"https:\/\/www.lumieredencre.fr\/#\/schema\/person\/c032a24cac58628dae354f069608c1c6","name":"Lumi\u00e8re d'Encre","image":{"@type":"ImageObject","inLanguage":"en-GB","@id":"https:\/\/secure.gravatar.com\/avatar\/c3f334223a33931c8f70938c1bcc8e5369d14cfe0d88a0dd37dd7c8a45009dca?s=96&d=mm&r=g","url":"https:\/\/secure.gravatar.com\/avatar\/c3f334223a33931c8f70938c1bcc8e5369d14cfe0d88a0dd37dd7c8a45009dca?s=96&d=mm&r=g","contentUrl":"https:\/\/secure.gravatar.com\/avatar\/c3f334223a33931c8f70938c1bcc8e5369d14cfe0d88a0dd37dd7c8a45009dca?s=96&d=mm&r=g","caption":"Lumi\u00e8re d\u2019Encre"}}]}},"jetpack_featured_media_url":"","jetpack_sharing_enabled":true,"_links":{"self":[{"href":"https:\/\/www.lumieredencre.fr\/en\/wp-json\/wp\/v2\/posts\/7474","targetHints":{"allow":["GET"]}}],"collection":[{"href":"https:\/\/www.lumieredencre.fr\/en\/wp-json\/wp\/v2\/posts"}],"about":[{"href":"https:\/\/www.lumieredencre.fr\/en\/wp-json\/wp\/v2\/types\/post"}],"author":[{"embeddable":true,"href":"https:\/\/www.lumieredencre.fr\/en\/wp-json\/wp\/v2\/users\/1"}],"replies":[{"embeddable":true,"href":"https:\/\/www.lumieredencre.fr\/en\/wp-json\/wp\/v2\/comments?post=7474"}],"version-history":[{"count":1,"href":"https:\/\/www.lumieredencre.fr\/en\/wp-json\/wp\/v2\/posts\/7474\/revisions"}],"predecessor-version":[{"id":7475,"href":"https:\/\/www.lumieredencre.fr\/en\/wp-json\/wp\/v2\/posts\/7474\/revisions\/7475"}],"wp:attachment":[{"href":"https:\/\/www.lumieredencre.fr\/en\/wp-json\/wp\/v2\/media?parent=7474"}],"wp:term":[{"taxonomy":"category","embeddable":true,"href":"https:\/\/www.lumieredencre.fr\/en\/wp-json\/wp\/v2\/categories?post=7474"},{"taxonomy":"post_tag","embeddable":true,"href":"https:\/\/www.lumieredencre.fr\/en\/wp-json\/wp\/v2\/tags?post=7474"}],"curies":[{"name":"wp","href":"https:\/\/api.w.org\/{rel}","templated":true}]}}