{"id":5521,"date":"2022-04-20T07:09:51","date_gmt":"2022-04-20T05:09:51","guid":{"rendered":"https:\/\/www.lumieredencre.fr\/?p=5521"},"modified":"2022-07-07T15:42:18","modified_gmt":"2022-07-07T13:42:18","slug":"ceret-travaille-un-regard-des-photographes-de-lumiere-dencre","status":"publish","type":"post","link":"https:\/\/www.lumieredencre.fr\/en\/ceret-travaille-un-regard-des-photographes-de-lumiere-dencre\/","title":{"rendered":"C\u00e9ret travaille : un regard des photographes de Lumi\u00e8re d\u2019Encre"},"content":{"rendered":"<p>R\u00e9guli\u00e8rement les photographes de Lumi\u00e8re d\u2019Encre posent leurs regards sur notre cit\u00e9 et ses habitants. Cette ann\u00e9e, Jean-Claude Liehn, Judith Debaste, Benjamin Lebrun et Claude Belime ont photographi\u00e9 les m\u00e9tiers des c\u00e9r\u00e9tans \u00e0 la mani\u00e8re d\u2019August Snder, le c\u00e9l\u00e8bre photographe allemand de l\u2019entre-deux guerre. <br>L\u2019exposition est \u00e0 voir au Centre d\u2019Art et de Photographie Lumi\u00e8re d\u2019Encre \u00e0 partir du 30 avril et pour une partie en grands formats sur les murs de la ville.<br>Vernissage le samedi 30 avril \u00e0 11h au CAPLE (Centre d\u2019Art et de Photographie Lumi\u00e8re d\u2019Encre, place Picasso \u00e0 C\u00e9ret).<\/p>","protected":false},"excerpt":{"rendered":"<p>R\u00e9guli\u00e8rement les photographes de Lumi\u00e8re d\u2019Encre posent leurs regards sur notre cit\u00e9 et ses habitants. Cette ann\u00e9e, Jean-Claude Liehn, Judith Debaste, Benjamin Lebrun et Claude Belime ont photographi\u00e9 les m\u00e9tiers des c\u00e9r\u00e9tans \u00e0 la mani\u00e8re d\u2019August Snder, le c\u00e9l\u00e8bre photographe allemand de l\u2019entre-deux guerre. L\u2019exposition est \u00e0 voir au Centre d\u2019Art et de Photographie Lumi\u00e8re d\u2019Encre \u00e0 partir du 30 avril et pour une partie en grands formats sur les murs de la ville.Vernissage le samedi 30 avril \u00e0 11h au CAPLE (Centre d\u2019Art et de Photographie Lumi\u00e8re d\u2019Encre, place Picasso \u00e0 C\u00e9ret).<\/p>","protected":false},"author":1,"featured_media":0,"comment_status":"closed","ping_status":"closed","sticky":false,"template":"","format":"standard","meta":{"site-sidebar-layout":"default","site-content-layout":"","ast-site-content-layout":"default","site-content-style":"default","site-sidebar-style":"default","ast-global-header-display":"","ast-banner-title-visibility":"","ast-main-header-display":"","ast-hfb-above-header-display":"","ast-hfb-below-header-display":"","ast-hfb-mobile-header-display":"","site-post-title":"","ast-breadcrumbs-content":"","ast-featured-img":"","footer-sml-layout":"","ast-disable-related-posts":"","theme-transparent-header-meta":"","adv-header-id-meta":"","stick-header-meta":"","header-above-stick-meta":"","header-main-stick-meta":"","header-below-stick-meta":"","astra-migrate-meta-layouts":"default","ast-page-background-enabled":"default","ast-page-background-meta":{"desktop":{"background-color":"var(--ast-global-color-5)","background-image":"","background-repeat":"repeat","background-position":"center center","background-size":"auto","background-attachment":"scroll","background-type":"","background-media":"","overlay-type":"","overlay-color":"","overlay-opacity":"","overlay-gradient":""},"tablet":{"background-color":"","background-image":"","background-repeat":"repeat","background-position":"center center","background-size":"auto","background-attachment":"scroll","background-type":"","background-media":"","overlay-type":"","overlay-color":"","overlay-opacity":"","overlay-gradient":""},"mobile":{"background-color":"","background-image":"","background-repeat":"repeat","background-position":"center center","background-size":"auto","background-attachment":"scroll","background-type":"","background-media":"","overlay-type":"","overlay-color":"","overlay-opacity":"","overlay-gradient":""}},"ast-content-background-meta":{"desktop":{"background-color":"var(--ast-global-color-4)","background-image":"","background-repeat":"repeat","background-position":"center center","background-size":"auto","background-attachment":"scroll","background-type":"","background-media":"","overlay-type":"","overlay-color":"","overlay-opacity":"","overlay-gradient":""},"tablet":{"background-color":"var(--ast-global-color-4)","background-image":"","background-repeat":"repeat","background-position":"center center","background-size":"auto","background-attachment":"scroll","background-type":"","background-media":"","overlay-type":"","overlay-color":"","overlay-opacity":"","overlay-gradient":""},"mobile":{"background-color":"var(--ast-global-color-4)","background-image":"","background-repeat":"repeat","background-position":"center center","background-size":"auto","background-attachment":"scroll","background-type":"","background-media":"","overlay-type":"","overlay-color":"","overlay-opacity":"","overlay-gradient":""}},"_jetpack_memberships_contains_paid_content":false,"footnotes":""},"categories":[1],"tags":[],"class_list":["post-5521","post","type-post","status-publish","format-standard","hentry","category-non-classe"],"yoast_head":"<!-- This site is optimized with the Yoast SEO plugin v27.4 - https:\/\/yoast.com\/product\/yoast-seo-wordpress\/ -->\n<title>C\u00e9ret travaille : un regard des photographes de Lumi\u00e8re d\u2019Encre -<\/title>\n<meta name=\"robots\" content=\"index, follow, max-snippet:-1, max-image-preview:large, max-video-preview:-1\" \/>\n<link rel=\"canonical\" href=\"https:\/\/www.lumieredencre.fr\/en\/ceret-travaille-un-regard-des-photographes-de-lumiere-dencre\/\" \/>\n<meta property=\"og:locale\" content=\"en_GB\" \/>\n<meta property=\"og:type\" content=\"article\" \/>\n<meta property=\"og:title\" content=\"C\u00e9ret travaille : un regard des photographes de Lumi\u00e8re d\u2019Encre -\" \/>\n<meta property=\"og:description\" content=\"R\u00e9guli\u00e8rement les photographes de Lumi\u00e8re d\u2019Encre posent leurs regards sur notre cit\u00e9 et ses habitants. Cette ann\u00e9e, Jean-Claude Liehn, Judith Debaste, Benjamin Lebrun et Claude Belime ont photographi\u00e9 les m\u00e9tiers des c\u00e9r\u00e9tans \u00e0 la mani\u00e8re d\u2019August Snder, le c\u00e9l\u00e8bre photographe allemand de l\u2019entre-deux guerre. L\u2019exposition est \u00e0 voir au Centre d\u2019Art et de Photographie Lumi\u00e8re d\u2019Encre \u00e0 partir du 30 avril et pour une partie en grands formats sur les murs de la ville.Vernissage le samedi 30 avril \u00e0 11h au CAPLE (Centre d\u2019Art et de Photographie Lumi\u00e8re d\u2019Encre, place Picasso \u00e0 C\u00e9ret).\" \/>\n<meta property=\"og:url\" content=\"https:\/\/www.lumieredencre.fr\/en\/ceret-travaille-un-regard-des-photographes-de-lumiere-dencre\/\" \/>\n<meta property=\"article:publisher\" content=\"https:\/\/fr-fr.facebook.com\/LumieredEncre\" \/>\n<meta property=\"article:published_time\" content=\"2022-04-20T05:09:51+00:00\" \/>\n<meta property=\"article:modified_time\" content=\"2022-07-07T13:42:18+00:00\" \/>\n<meta property=\"og:image\" content=\"https:\/\/www.lumieredencre.fr\/wp-content\/uploads\/2020\/07\/Logo-300x225-px-en-72-dpi-Gris.jpg\" \/>\n\t<meta property=\"og:image:width\" content=\"300\" \/>\n\t<meta property=\"og:image:height\" content=\"225\" \/>\n\t<meta property=\"og:image:type\" content=\"image\/jpeg\" \/>\n<meta name=\"author\" content=\"Lumi\u00e8re d\u2019Encre\" \/>\n<meta name=\"twitter:card\" content=\"summary_large_image\" \/>\n<meta name=\"twitter:creator\" content=\"@lumieredencre\" \/>\n<meta name=\"twitter:site\" content=\"@lumieredencre\" \/>\n<meta name=\"twitter:label1\" content=\"Written by\" \/>\n\t<meta name=\"twitter:data1\" content=\"Lumi\u00e8re d\u2019Encre\" \/>\n\t<meta name=\"twitter:label2\" content=\"Estimated reading time\" \/>\n\t<meta name=\"twitter:data2\" content=\"1 minute\" \/>\n<script type=\"application\/ld+json\" class=\"yoast-schema-graph\">{\"@context\":\"https:\\\/\\\/schema.org\",\"@graph\":[{\"@type\":\"Article\",\"@id\":\"https:\\\/\\\/www.lumieredencre.fr\\\/ceret-travaille-un-regard-des-photographes-de-lumiere-dencre\\\/#article\",\"isPartOf\":{\"@id\":\"https:\\\/\\\/www.lumieredencre.fr\\\/ceret-travaille-un-regard-des-photographes-de-lumiere-dencre\\\/\"},\"author\":{\"name\":\"Lumi\u00e8re d\u2019Encre\",\"@id\":\"https:\\\/\\\/www.lumieredencre.fr\\\/#\\\/schema\\\/person\\\/c032a24cac58628dae354f069608c1c6\"},\"headline\":\"C\u00e9ret travaille : un regard des photographes de Lumi\u00e8re d\u2019Encre\",\"datePublished\":\"2022-04-20T05:09:51+00:00\",\"dateModified\":\"2022-07-07T13:42:18+00:00\",\"mainEntityOfPage\":{\"@id\":\"https:\\\/\\\/www.lumieredencre.fr\\\/ceret-travaille-un-regard-des-photographes-de-lumiere-dencre\\\/\"},\"wordCount\":120,\"publisher\":{\"@id\":\"https:\\\/\\\/www.lumieredencre.fr\\\/#organization\"},\"articleSection\":[\"Non class\u00e9\"],\"inLanguage\":\"en-GB\"},{\"@type\":\"WebPage\",\"@id\":\"https:\\\/\\\/www.lumieredencre.fr\\\/ceret-travaille-un-regard-des-photographes-de-lumiere-dencre\\\/\",\"url\":\"https:\\\/\\\/www.lumieredencre.fr\\\/ceret-travaille-un-regard-des-photographes-de-lumiere-dencre\\\/\",\"name\":\"C\u00e9ret travaille : un regard des photographes de Lumi\u00e8re d\u2019Encre -\",\"isPartOf\":{\"@id\":\"https:\\\/\\\/www.lumieredencre.fr\\\/#website\"},\"datePublished\":\"2022-04-20T05:09:51+00:00\",\"dateModified\":\"2022-07-07T13:42:18+00:00\",\"breadcrumb\":{\"@id\":\"https:\\\/\\\/www.lumieredencre.fr\\\/ceret-travaille-un-regard-des-photographes-de-lumiere-dencre\\\/#breadcrumb\"},\"inLanguage\":\"en-GB\",\"potentialAction\":[{\"@type\":\"ReadAction\",\"target\":[\"https:\\\/\\\/www.lumieredencre.fr\\\/ceret-travaille-un-regard-des-photographes-de-lumiere-dencre\\\/\"]}]},{\"@type\":\"BreadcrumbList\",\"@id\":\"https:\\\/\\\/www.lumieredencre.fr\\\/ceret-travaille-un-regard-des-photographes-de-lumiere-dencre\\\/#breadcrumb\",\"itemListElement\":[{\"@type\":\"ListItem\",\"position\":1,\"name\":\"Accueil\",\"item\":\"https:\\\/\\\/www.lumieredencre.fr\\\/\"},{\"@type\":\"ListItem\",\"position\":2,\"name\":\"C\u00e9ret travaille : un regard des photographes de Lumi\u00e8re d\u2019Encre\"}]},{\"@type\":\"WebSite\",\"@id\":\"https:\\\/\\\/www.lumieredencre.fr\\\/#website\",\"url\":\"https:\\\/\\\/www.lumieredencre.fr\\\/\",\"name\":\"Lumi\u00e8re d Encre\",\"description\":\"\",\"publisher\":{\"@id\":\"https:\\\/\\\/www.lumieredencre.fr\\\/#organization\"},\"potentialAction\":[{\"@type\":\"SearchAction\",\"target\":{\"@type\":\"EntryPoint\",\"urlTemplate\":\"https:\\\/\\\/www.lumieredencre.fr\\\/?s={search_term_string}\"},\"query-input\":{\"@type\":\"PropertyValueSpecification\",\"valueRequired\":true,\"valueName\":\"search_term_string\"}}],\"inLanguage\":\"en-GB\"},{\"@type\":\"Organization\",\"@id\":\"https:\\\/\\\/www.lumieredencre.fr\\\/#organization\",\"name\":\"Lumi\u00e8re d'Encre\",\"url\":\"https:\\\/\\\/www.lumieredencre.fr\\\/\",\"logo\":{\"@type\":\"ImageObject\",\"inLanguage\":\"en-GB\",\"@id\":\"https:\\\/\\\/www.lumieredencre.fr\\\/#\\\/schema\\\/logo\\\/image\\\/\",\"url\":\"https:\\\/\\\/www.lumieredencre.fr\\\/wp-content\\\/uploads\\\/2020\\\/07\\\/Logo-LE-3820px-en-300dpi-Gris--scaled.jpg\",\"contentUrl\":\"https:\\\/\\\/www.lumieredencre.fr\\\/wp-content\\\/uploads\\\/2020\\\/07\\\/Logo-LE-3820px-en-300dpi-Gris--scaled.jpg\",\"width\":2560,\"height\":1920,\"caption\":\"Lumi\u00e8re d'Encre\"},\"image\":{\"@id\":\"https:\\\/\\\/www.lumieredencre.fr\\\/#\\\/schema\\\/logo\\\/image\\\/\"},\"sameAs\":[\"https:\\\/\\\/fr-fr.facebook.com\\\/LumieredEncre\",\"https:\\\/\\\/x.com\\\/lumieredencre\",\"https:\\\/\\\/www.instagram.com\\\/lumieredencre\\\/\",\"https:\\\/\\\/www.linkedin.com\\\/in\\\/lumi\u00e8re-d-encre-a57079111\\\/\",\"https:\\\/\\\/www.youtube.com\\\/channel\\\/UCavaW2PxkCTIvqlpBM07aYQ\\\/featured?view_as=subscriber\"]},{\"@type\":\"Person\",\"@id\":\"https:\\\/\\\/www.lumieredencre.fr\\\/#\\\/schema\\\/person\\\/c032a24cac58628dae354f069608c1c6\",\"name\":\"Lumi\u00e8re d\u2019Encre\",\"image\":{\"@type\":\"ImageObject\",\"inLanguage\":\"en-GB\",\"@id\":\"https:\\\/\\\/secure.gravatar.com\\\/avatar\\\/c3f334223a33931c8f70938c1bcc8e5369d14cfe0d88a0dd37dd7c8a45009dca?s=96&d=mm&r=g\",\"url\":\"https:\\\/\\\/secure.gravatar.com\\\/avatar\\\/c3f334223a33931c8f70938c1bcc8e5369d14cfe0d88a0dd37dd7c8a45009dca?s=96&d=mm&r=g\",\"contentUrl\":\"https:\\\/\\\/secure.gravatar.com\\\/avatar\\\/c3f334223a33931c8f70938c1bcc8e5369d14cfe0d88a0dd37dd7c8a45009dca?s=96&d=mm&r=g\",\"caption\":\"Lumi\u00e8re d\u2019Encre\"}}]}<\/script>\n<!-- \/ Yoast SEO plugin. -->","yoast_head_json":{"title":"C\u00e9ret travaille : un regard des photographes de Lumi\u00e8re d\u2019Encre -","robots":{"index":"index","follow":"follow","max-snippet":"max-snippet:-1","max-image-preview":"max-image-preview:large","max-video-preview":"max-video-preview:-1"},"canonical":"https:\/\/www.lumieredencre.fr\/en\/ceret-travaille-un-regard-des-photographes-de-lumiere-dencre\/","og_locale":"en_GB","og_type":"article","og_title":"C\u00e9ret travaille : un regard des photographes de Lumi\u00e8re d\u2019Encre -","og_description":"R\u00e9guli\u00e8rement les photographes de Lumi\u00e8re d\u2019Encre posent leurs regards sur notre cit\u00e9 et ses habitants. Cette ann\u00e9e, Jean-Claude Liehn, Judith Debaste, Benjamin Lebrun et Claude Belime ont photographi\u00e9 les m\u00e9tiers des c\u00e9r\u00e9tans \u00e0 la mani\u00e8re d\u2019August Snder, le c\u00e9l\u00e8bre photographe allemand de l\u2019entre-deux guerre. L\u2019exposition est \u00e0 voir au Centre d\u2019Art et de Photographie Lumi\u00e8re d\u2019Encre \u00e0 partir du 30 avril et pour une partie en grands formats sur les murs de la ville.Vernissage le samedi 30 avril \u00e0 11h au CAPLE (Centre d\u2019Art et de Photographie Lumi\u00e8re d\u2019Encre, place Picasso \u00e0 C\u00e9ret).","og_url":"https:\/\/www.lumieredencre.fr\/en\/ceret-travaille-un-regard-des-photographes-de-lumiere-dencre\/","article_publisher":"https:\/\/fr-fr.facebook.com\/LumieredEncre","article_published_time":"2022-04-20T05:09:51+00:00","article_modified_time":"2022-07-07T13:42:18+00:00","og_image":[{"width":300,"height":225,"url":"https:\/\/www.lumieredencre.fr\/wp-content\/uploads\/2020\/07\/Logo-300x225-px-en-72-dpi-Gris.jpg","type":"image\/jpeg"}],"author":"Lumi\u00e8re d\u2019Encre","twitter_card":"summary_large_image","twitter_creator":"@lumieredencre","twitter_site":"@lumieredencre","twitter_misc":{"Written by":"Lumi\u00e8re d\u2019Encre","Estimated reading time":"1 minute"},"schema":{"@context":"https:\/\/schema.org","@graph":[{"@type":"Article","@id":"https:\/\/www.lumieredencre.fr\/ceret-travaille-un-regard-des-photographes-de-lumiere-dencre\/#article","isPartOf":{"@id":"https:\/\/www.lumieredencre.fr\/ceret-travaille-un-regard-des-photographes-de-lumiere-dencre\/"},"author":{"name":"Lumi\u00e8re d\u2019Encre","@id":"https:\/\/www.lumieredencre.fr\/#\/schema\/person\/c032a24cac58628dae354f069608c1c6"},"headline":"C\u00e9ret travaille : un regard des photographes de Lumi\u00e8re d\u2019Encre","datePublished":"2022-04-20T05:09:51+00:00","dateModified":"2022-07-07T13:42:18+00:00","mainEntityOfPage":{"@id":"https:\/\/www.lumieredencre.fr\/ceret-travaille-un-regard-des-photographes-de-lumiere-dencre\/"},"wordCount":120,"publisher":{"@id":"https:\/\/www.lumieredencre.fr\/#organization"},"articleSection":["Non class\u00e9"],"inLanguage":"en-GB"},{"@type":"WebPage","@id":"https:\/\/www.lumieredencre.fr\/ceret-travaille-un-regard-des-photographes-de-lumiere-dencre\/","url":"https:\/\/www.lumieredencre.fr\/ceret-travaille-un-regard-des-photographes-de-lumiere-dencre\/","name":"C\u00e9ret travaille : un regard des photographes de Lumi\u00e8re d\u2019Encre -","isPartOf":{"@id":"https:\/\/www.lumieredencre.fr\/#website"},"datePublished":"2022-04-20T05:09:51+00:00","dateModified":"2022-07-07T13:42:18+00:00","breadcrumb":{"@id":"https:\/\/www.lumieredencre.fr\/ceret-travaille-un-regard-des-photographes-de-lumiere-dencre\/#breadcrumb"},"inLanguage":"en-GB","potentialAction":[{"@type":"ReadAction","target":["https:\/\/www.lumieredencre.fr\/ceret-travaille-un-regard-des-photographes-de-lumiere-dencre\/"]}]},{"@type":"BreadcrumbList","@id":"https:\/\/www.lumieredencre.fr\/ceret-travaille-un-regard-des-photographes-de-lumiere-dencre\/#breadcrumb","itemListElement":[{"@type":"ListItem","position":1,"name":"Accueil","item":"https:\/\/www.lumieredencre.fr\/"},{"@type":"ListItem","position":2,"name":"C\u00e9ret travaille : un regard des photographes de Lumi\u00e8re d\u2019Encre"}]},{"@type":"WebSite","@id":"https:\/\/www.lumieredencre.fr\/#website","url":"https:\/\/www.lumieredencre.fr\/","name":"Lumi\u00e8re d Encre","description":"","publisher":{"@id":"https:\/\/www.lumieredencre.fr\/#organization"},"potentialAction":[{"@type":"SearchAction","target":{"@type":"EntryPoint","urlTemplate":"https:\/\/www.lumieredencre.fr\/?s={search_term_string}"},"query-input":{"@type":"PropertyValueSpecification","valueRequired":true,"valueName":"search_term_string"}}],"inLanguage":"en-GB"},{"@type":"Organization","@id":"https:\/\/www.lumieredencre.fr\/#organization","name":"Lumi\u00e8re d'Encre","url":"https:\/\/www.lumieredencre.fr\/","logo":{"@type":"ImageObject","inLanguage":"en-GB","@id":"https:\/\/www.lumieredencre.fr\/#\/schema\/logo\/image\/","url":"https:\/\/www.lumieredencre.fr\/wp-content\/uploads\/2020\/07\/Logo-LE-3820px-en-300dpi-Gris--scaled.jpg","contentUrl":"https:\/\/www.lumieredencre.fr\/wp-content\/uploads\/2020\/07\/Logo-LE-3820px-en-300dpi-Gris--scaled.jpg","width":2560,"height":1920,"caption":"Lumi\u00e8re d'Encre"},"image":{"@id":"https:\/\/www.lumieredencre.fr\/#\/schema\/logo\/image\/"},"sameAs":["https:\/\/fr-fr.facebook.com\/LumieredEncre","https:\/\/x.com\/lumieredencre","https:\/\/www.instagram.com\/lumieredencre\/","https:\/\/www.linkedin.com\/in\/lumi\u00e8re-d-encre-a57079111\/","https:\/\/www.youtube.com\/channel\/UCavaW2PxkCTIvqlpBM07aYQ\/featured?view_as=subscriber"]},{"@type":"Person","@id":"https:\/\/www.lumieredencre.fr\/#\/schema\/person\/c032a24cac58628dae354f069608c1c6","name":"Lumi\u00e8re d'Encre","image":{"@type":"ImageObject","inLanguage":"en-GB","@id":"https:\/\/secure.gravatar.com\/avatar\/c3f334223a33931c8f70938c1bcc8e5369d14cfe0d88a0dd37dd7c8a45009dca?s=96&d=mm&r=g","url":"https:\/\/secure.gravatar.com\/avatar\/c3f334223a33931c8f70938c1bcc8e5369d14cfe0d88a0dd37dd7c8a45009dca?s=96&d=mm&r=g","contentUrl":"https:\/\/secure.gravatar.com\/avatar\/c3f334223a33931c8f70938c1bcc8e5369d14cfe0d88a0dd37dd7c8a45009dca?s=96&d=mm&r=g","caption":"Lumi\u00e8re d\u2019Encre"}}]}},"jetpack_featured_media_url":"","jetpack_sharing_enabled":true,"_links":{"self":[{"href":"https:\/\/www.lumieredencre.fr\/en\/wp-json\/wp\/v2\/posts\/5521","targetHints":{"allow":["GET"]}}],"collection":[{"href":"https:\/\/www.lumieredencre.fr\/en\/wp-json\/wp\/v2\/posts"}],"about":[{"href":"https:\/\/www.lumieredencre.fr\/en\/wp-json\/wp\/v2\/types\/post"}],"author":[{"embeddable":true,"href":"https:\/\/www.lumieredencre.fr\/en\/wp-json\/wp\/v2\/users\/1"}],"replies":[{"embeddable":true,"href":"https:\/\/www.lumieredencre.fr\/en\/wp-json\/wp\/v2\/comments?post=5521"}],"version-history":[{"count":1,"href":"https:\/\/www.lumieredencre.fr\/en\/wp-json\/wp\/v2\/posts\/5521\/revisions"}],"predecessor-version":[{"id":5522,"href":"https:\/\/www.lumieredencre.fr\/en\/wp-json\/wp\/v2\/posts\/5521\/revisions\/5522"}],"wp:attachment":[{"href":"https:\/\/www.lumieredencre.fr\/en\/wp-json\/wp\/v2\/media?parent=5521"}],"wp:term":[{"taxonomy":"category","embeddable":true,"href":"https:\/\/www.lumieredencre.fr\/en\/wp-json\/wp\/v2\/categories?post=5521"},{"taxonomy":"post_tag","embeddable":true,"href":"https:\/\/www.lumieredencre.fr\/en\/wp-json\/wp\/v2\/tags?post=5521"}],"curies":[{"name":"wp","href":"https:\/\/api.w.org\/{rel}","templated":true}]}}