{"id":5513,"date":"2022-03-24T20:38:17","date_gmt":"2022-03-24T19:38:17","guid":{"rendered":"https:\/\/www.lumieredencre.fr\/?p=5513"},"modified":"2022-07-07T15:43:11","modified_gmt":"2022-07-07T13:43:11","slug":"inauguration-du-caple-centre-dart-et-de-photographie-lumiere-dencre","status":"publish","type":"post","link":"https:\/\/www.lumieredencre.fr\/en\/inauguration-du-caple-centre-dart-et-de-photographie-lumiere-dencre\/","title":{"rendered":"Inauguration du CAPLE, Centre d\u2019Art et de Photographie Lumi\u00e8re d\u2019Encre -Vendredi 6 mai \u00e0 18h"},"content":{"rendered":"<p>Vendredi 6 mai \u00e0 partir de 18h nous inaugurons ce nouveau lieu de la photographie \u00e0 C\u00e9ret. C\u2019est avec l\u2019ouverture des premi\u00e8res Rencontres Photographiques du Paysage qu\u2019aura lieu cette inauguration en musique. Vous y \u00eates tous convi\u00e9s.<\/p>\n\n\n\n<p>\u00c7a y est, le Centre d\u2019Art et de Photographie Lumi\u00e8re d\u2019Encre \u00e0 C\u00e9ret sera inaugur\u00e9 le 6 mai. Fid\u00e8le \u00e0 notre projet de soutien et de diffusion de la photographie contemporaine, nous avons maintenant un lieu digne pour accompagner les artistes et mettre en valeur l\u2019excellence de la recherche photographique. Inscrit dans un territoire, celui des Pyr\u00e9n\u00e9es-Orientales et plus largement de l\u2019Occitanie, le CAPLE est un cadre facilitant le travail de m\u00e9diation que nous poursuivons depuis bient\u00f4t 15 ans, pour offrir \u00e0 tous les publics une ouverture sur la photographie contemporaine. Depuis deux mois que nous avons investit les lieux, mis \u00e0 disposition par la ville de C\u00e9ret, nous avons d\u00e9j\u00e0 accueilli de nombreuses classes de C\u00e9ret et du d\u00e9partement et nos projets pour l\u2019ann\u00e9e \u00e0 venir fleurissent. Ces trois missions de soutien \u00e0 la cr\u00e9ation, de diffusion de celle-ci et de m\u00e9diations s\u2019accompagnent de l\u2019ouverture vers l\u2019international, quoi de plus \u00e9vident quand on se situe le long d\u2019une fronti\u00e8re.<\/p>\n\n\n\n<p>Une nouvelle aventure commence, elle est ouverte \u00e0 toutes et \u00e0 tous.<\/p>\n\n\n\n<p class=\"has-text-align-left\">Elle commence par les premi\u00e8res Rencontres Photographiques du Paysage, qui s\u2019ouvriront vendredi 6 mai \u00e0 14h, par une table ronde r\u00e9unissant Dani\u00e8le M\u00e9aux, Nathalie Solomon et Sylvain Duffard, sur la question de paysage en photographie. \u00c0 partir de 18h, d\u00e9buteront les vernissages des expositions de Raymond Depardon, Julia de Cooker et Fran\u00e7oise Beauguion. Cette derni\u00e8re associe le travail de l\u2019artiste, r\u00e9alis\u00e9 en r\u00e9sidence sur le territoire de C\u00e9ret en 2017, avec le travail d\u2019\u00e9l\u00e8ves du coll\u00e8ge et les souvenirs de r\u00e9sidents de l\u2019Ehpad de C\u00e9ret autour des relations m\u00e9morielles que nous entretenons avec les paysages et leurs repr\u00e9sentations photographiques.&nbsp;<\/p>\n\n\n\n<p><\/p>","protected":false},"excerpt":{"rendered":"<p>Vendredi 6 mai \u00e0 partir de 18h nous inaugurons ce nouveau lieu de la photographie \u00e0 C\u00e9ret. C\u2019est avec l\u2019ouverture des premi\u00e8res Rencontres Photographiques du Paysage qu\u2019aura lieu cette inauguration en musique. Vous y \u00eates tous convi\u00e9s. \u00c7a y est, le Centre d\u2019Art et de Photographie Lumi\u00e8re d\u2019Encre \u00e0 C\u00e9ret sera inaugur\u00e9 le 6 mai. Fid\u00e8le \u00e0 notre projet de soutien et de diffusion de la photographie contemporaine, nous avons maintenant un lieu digne pour accompagner les artistes et mettre en valeur l\u2019excellence de la recherche photographique. Inscrit dans un territoire, celui des Pyr\u00e9n\u00e9es-Orientales et plus largement de l\u2019Occitanie, le CAPLE est un cadre facilitant le travail de m\u00e9diation que nous poursuivons depuis bient\u00f4t 15 ans, pour offrir \u00e0 tous les publics une ouverture sur la photographie contemporaine. Depuis deux mois que nous avons investit les lieux, mis \u00e0 disposition par la ville de C\u00e9ret, nous avons d\u00e9j\u00e0 accueilli de nombreuses classes de C\u00e9ret et du d\u00e9partement et nos projets pour l\u2019ann\u00e9e \u00e0 venir fleurissent. Ces trois missions de soutien \u00e0 la cr\u00e9ation, de diffusion de celle-ci et de m\u00e9diations s\u2019accompagnent de l\u2019ouverture vers l\u2019international, quoi de plus \u00e9vident quand on se situe le long d\u2019une fronti\u00e8re. Une nouvelle aventure commence, elle est ouverte \u00e0 toutes et \u00e0 tous. Elle commence par les premi\u00e8res Rencontres Photographiques du Paysage, qui s\u2019ouvriront vendredi 6 mai \u00e0 14h, par une table ronde r\u00e9unissant Dani\u00e8le M\u00e9aux, Nathalie Solomon et Sylvain Duffard, sur la question de paysage en photographie. \u00c0 partir de 18h, d\u00e9buteront les vernissages des expositions de Raymond Depardon, Julia de Cooker et Fran\u00e7oise Beauguion. Cette derni\u00e8re associe le travail de l\u2019artiste, r\u00e9alis\u00e9 en r\u00e9sidence sur le territoire de C\u00e9ret en 2017, avec le travail d\u2019\u00e9l\u00e8ves du coll\u00e8ge et les souvenirs de r\u00e9sidents de l\u2019Ehpad de C\u00e9ret autour des relations m\u00e9morielles que nous entretenons avec les paysages et leurs repr\u00e9sentations photographiques.&nbsp;<\/p>","protected":false},"author":1,"featured_media":0,"comment_status":"closed","ping_status":"closed","sticky":false,"template":"","format":"standard","meta":{"site-sidebar-layout":"default","site-content-layout":"","ast-site-content-layout":"default","site-content-style":"default","site-sidebar-style":"default","ast-global-header-display":"","ast-banner-title-visibility":"","ast-main-header-display":"","ast-hfb-above-header-display":"","ast-hfb-below-header-display":"","ast-hfb-mobile-header-display":"","site-post-title":"","ast-breadcrumbs-content":"","ast-featured-img":"","footer-sml-layout":"","ast-disable-related-posts":"","theme-transparent-header-meta":"","adv-header-id-meta":"","stick-header-meta":"","header-above-stick-meta":"","header-main-stick-meta":"","header-below-stick-meta":"","astra-migrate-meta-layouts":"default","ast-page-background-enabled":"default","ast-page-background-meta":{"desktop":{"background-color":"var(--ast-global-color-5)","background-image":"","background-repeat":"repeat","background-position":"center center","background-size":"auto","background-attachment":"scroll","background-type":"","background-media":"","overlay-type":"","overlay-color":"","overlay-opacity":"","overlay-gradient":""},"tablet":{"background-color":"","background-image":"","background-repeat":"repeat","background-position":"center center","background-size":"auto","background-attachment":"scroll","background-type":"","background-media":"","overlay-type":"","overlay-color":"","overlay-opacity":"","overlay-gradient":""},"mobile":{"background-color":"","background-image":"","background-repeat":"repeat","background-position":"center center","background-size":"auto","background-attachment":"scroll","background-type":"","background-media":"","overlay-type":"","overlay-color":"","overlay-opacity":"","overlay-gradient":""}},"ast-content-background-meta":{"desktop":{"background-color":"var(--ast-global-color-4)","background-image":"","background-repeat":"repeat","background-position":"center center","background-size":"auto","background-attachment":"scroll","background-type":"","background-media":"","overlay-type":"","overlay-color":"","overlay-opacity":"","overlay-gradient":""},"tablet":{"background-color":"var(--ast-global-color-4)","background-image":"","background-repeat":"repeat","background-position":"center center","background-size":"auto","background-attachment":"scroll","background-type":"","background-media":"","overlay-type":"","overlay-color":"","overlay-opacity":"","overlay-gradient":""},"mobile":{"background-color":"var(--ast-global-color-4)","background-image":"","background-repeat":"repeat","background-position":"center center","background-size":"auto","background-attachment":"scroll","background-type":"","background-media":"","overlay-type":"","overlay-color":"","overlay-opacity":"","overlay-gradient":""}},"_jetpack_memberships_contains_paid_content":false,"footnotes":""},"categories":[1],"tags":[],"class_list":["post-5513","post","type-post","status-publish","format-standard","hentry","category-non-classe"],"yoast_head":"<!-- This site is optimized with the Yoast SEO plugin v27.4 - https:\/\/yoast.com\/product\/yoast-seo-wordpress\/ -->\n<title>Inauguration du CAPLE, Centre d\u2019Art et de Photographie Lumi\u00e8re d\u2019Encre -Vendredi 6 mai \u00e0 18h -<\/title>\n<meta name=\"robots\" content=\"index, follow, max-snippet:-1, max-image-preview:large, max-video-preview:-1\" \/>\n<link rel=\"canonical\" href=\"https:\/\/www.lumieredencre.fr\/en\/inauguration-du-caple-centre-dart-et-de-photographie-lumiere-dencre\/\" \/>\n<meta property=\"og:locale\" content=\"en_GB\" \/>\n<meta property=\"og:type\" content=\"article\" \/>\n<meta property=\"og:title\" content=\"Inauguration du CAPLE, Centre d\u2019Art et de Photographie Lumi\u00e8re d\u2019Encre -Vendredi 6 mai \u00e0 18h -\" \/>\n<meta property=\"og:description\" content=\"Vendredi 6 mai \u00e0 partir de 18h nous inaugurons ce nouveau lieu de la photographie \u00e0 C\u00e9ret. C\u2019est avec l\u2019ouverture des premi\u00e8res Rencontres Photographiques du Paysage qu\u2019aura lieu cette inauguration en musique. Vous y \u00eates tous convi\u00e9s. \u00c7a y est, le Centre d\u2019Art et de Photographie Lumi\u00e8re d\u2019Encre \u00e0 C\u00e9ret sera inaugur\u00e9 le 6 mai. Fid\u00e8le \u00e0 notre projet de soutien et de diffusion de la photographie contemporaine, nous avons maintenant un lieu digne pour accompagner les artistes et mettre en valeur l\u2019excellence de la recherche photographique. Inscrit dans un territoire, celui des Pyr\u00e9n\u00e9es-Orientales et plus largement de l\u2019Occitanie, le CAPLE est un cadre facilitant le travail de m\u00e9diation que nous poursuivons depuis bient\u00f4t 15 ans, pour offrir \u00e0 tous les publics une ouverture sur la photographie contemporaine. Depuis deux mois que nous avons investit les lieux, mis \u00e0 disposition par la ville de C\u00e9ret, nous avons d\u00e9j\u00e0 accueilli de nombreuses classes de C\u00e9ret et du d\u00e9partement et nos projets pour l\u2019ann\u00e9e \u00e0 venir fleurissent. Ces trois missions de soutien \u00e0 la cr\u00e9ation, de diffusion de celle-ci et de m\u00e9diations s\u2019accompagnent de l\u2019ouverture vers l\u2019international, quoi de plus \u00e9vident quand on se situe le long d\u2019une fronti\u00e8re. Une nouvelle aventure commence, elle est ouverte \u00e0 toutes et \u00e0 tous. Elle commence par les premi\u00e8res Rencontres Photographiques du Paysage, qui s\u2019ouvriront vendredi 6 mai \u00e0 14h, par une table ronde r\u00e9unissant Dani\u00e8le M\u00e9aux, Nathalie Solomon et Sylvain Duffard, sur la question de paysage en photographie. \u00c0 partir de 18h, d\u00e9buteront les vernissages des expositions de Raymond Depardon, Julia de Cooker et Fran\u00e7oise Beauguion. Cette derni\u00e8re associe le travail de l\u2019artiste, r\u00e9alis\u00e9 en r\u00e9sidence sur le territoire de C\u00e9ret en 2017, avec le travail d\u2019\u00e9l\u00e8ves du coll\u00e8ge et les souvenirs de r\u00e9sidents de l\u2019Ehpad de C\u00e9ret autour des relations m\u00e9morielles que nous entretenons avec les paysages et leurs repr\u00e9sentations photographiques.&nbsp;\" \/>\n<meta property=\"og:url\" content=\"https:\/\/www.lumieredencre.fr\/en\/inauguration-du-caple-centre-dart-et-de-photographie-lumiere-dencre\/\" \/>\n<meta property=\"article:publisher\" content=\"https:\/\/fr-fr.facebook.com\/LumieredEncre\" \/>\n<meta property=\"article:published_time\" content=\"2022-03-24T19:38:17+00:00\" \/>\n<meta property=\"article:modified_time\" content=\"2022-07-07T13:43:11+00:00\" \/>\n<meta property=\"og:image\" content=\"https:\/\/www.lumieredencre.fr\/wp-content\/uploads\/2020\/07\/Logo-300x225-px-en-72-dpi-Gris.jpg\" \/>\n\t<meta property=\"og:image:width\" content=\"300\" \/>\n\t<meta property=\"og:image:height\" content=\"225\" \/>\n\t<meta property=\"og:image:type\" content=\"image\/jpeg\" \/>\n<meta name=\"author\" content=\"Lumi\u00e8re d\u2019Encre\" \/>\n<meta name=\"twitter:card\" content=\"summary_large_image\" \/>\n<meta name=\"twitter:creator\" content=\"@lumieredencre\" \/>\n<meta name=\"twitter:site\" content=\"@lumieredencre\" \/>\n<meta name=\"twitter:label1\" content=\"Written by\" \/>\n\t<meta name=\"twitter:data1\" content=\"Lumi\u00e8re d\u2019Encre\" \/>\n\t<meta name=\"twitter:label2\" content=\"Estimated reading time\" \/>\n\t<meta name=\"twitter:data2\" content=\"2 minutes\" \/>\n<script type=\"application\/ld+json\" class=\"yoast-schema-graph\">{\"@context\":\"https:\\\/\\\/schema.org\",\"@graph\":[{\"@type\":\"Article\",\"@id\":\"https:\\\/\\\/www.lumieredencre.fr\\\/inauguration-du-caple-centre-dart-et-de-photographie-lumiere-dencre\\\/#article\",\"isPartOf\":{\"@id\":\"https:\\\/\\\/www.lumieredencre.fr\\\/inauguration-du-caple-centre-dart-et-de-photographie-lumiere-dencre\\\/\"},\"author\":{\"name\":\"Lumi\u00e8re d\u2019Encre\",\"@id\":\"https:\\\/\\\/www.lumieredencre.fr\\\/#\\\/schema\\\/person\\\/c032a24cac58628dae354f069608c1c6\"},\"headline\":\"Inauguration du CAPLE, Centre d\u2019Art et de Photographie Lumi\u00e8re d\u2019Encre -Vendredi 6 mai \u00e0 18h\",\"datePublished\":\"2022-03-24T19:38:17+00:00\",\"dateModified\":\"2022-07-07T13:43:11+00:00\",\"mainEntityOfPage\":{\"@id\":\"https:\\\/\\\/www.lumieredencre.fr\\\/inauguration-du-caple-centre-dart-et-de-photographie-lumiere-dencre\\\/\"},\"wordCount\":358,\"publisher\":{\"@id\":\"https:\\\/\\\/www.lumieredencre.fr\\\/#organization\"},\"articleSection\":[\"Non class\u00e9\"],\"inLanguage\":\"en-GB\"},{\"@type\":\"WebPage\",\"@id\":\"https:\\\/\\\/www.lumieredencre.fr\\\/inauguration-du-caple-centre-dart-et-de-photographie-lumiere-dencre\\\/\",\"url\":\"https:\\\/\\\/www.lumieredencre.fr\\\/inauguration-du-caple-centre-dart-et-de-photographie-lumiere-dencre\\\/\",\"name\":\"Inauguration du CAPLE, Centre d\u2019Art et de Photographie Lumi\u00e8re d\u2019Encre -Vendredi 6 mai \u00e0 18h -\",\"isPartOf\":{\"@id\":\"https:\\\/\\\/www.lumieredencre.fr\\\/#website\"},\"datePublished\":\"2022-03-24T19:38:17+00:00\",\"dateModified\":\"2022-07-07T13:43:11+00:00\",\"breadcrumb\":{\"@id\":\"https:\\\/\\\/www.lumieredencre.fr\\\/inauguration-du-caple-centre-dart-et-de-photographie-lumiere-dencre\\\/#breadcrumb\"},\"inLanguage\":\"en-GB\",\"potentialAction\":[{\"@type\":\"ReadAction\",\"target\":[\"https:\\\/\\\/www.lumieredencre.fr\\\/inauguration-du-caple-centre-dart-et-de-photographie-lumiere-dencre\\\/\"]}]},{\"@type\":\"BreadcrumbList\",\"@id\":\"https:\\\/\\\/www.lumieredencre.fr\\\/inauguration-du-caple-centre-dart-et-de-photographie-lumiere-dencre\\\/#breadcrumb\",\"itemListElement\":[{\"@type\":\"ListItem\",\"position\":1,\"name\":\"Accueil\",\"item\":\"https:\\\/\\\/www.lumieredencre.fr\\\/\"},{\"@type\":\"ListItem\",\"position\":2,\"name\":\"Inauguration du CAPLE, Centre d\u2019Art et de Photographie Lumi\u00e8re d\u2019Encre -Vendredi 6 mai \u00e0 18h\"}]},{\"@type\":\"WebSite\",\"@id\":\"https:\\\/\\\/www.lumieredencre.fr\\\/#website\",\"url\":\"https:\\\/\\\/www.lumieredencre.fr\\\/\",\"name\":\"Lumi\u00e8re d Encre\",\"description\":\"\",\"publisher\":{\"@id\":\"https:\\\/\\\/www.lumieredencre.fr\\\/#organization\"},\"potentialAction\":[{\"@type\":\"SearchAction\",\"target\":{\"@type\":\"EntryPoint\",\"urlTemplate\":\"https:\\\/\\\/www.lumieredencre.fr\\\/?s={search_term_string}\"},\"query-input\":{\"@type\":\"PropertyValueSpecification\",\"valueRequired\":true,\"valueName\":\"search_term_string\"}}],\"inLanguage\":\"en-GB\"},{\"@type\":\"Organization\",\"@id\":\"https:\\\/\\\/www.lumieredencre.fr\\\/#organization\",\"name\":\"Lumi\u00e8re d'Encre\",\"url\":\"https:\\\/\\\/www.lumieredencre.fr\\\/\",\"logo\":{\"@type\":\"ImageObject\",\"inLanguage\":\"en-GB\",\"@id\":\"https:\\\/\\\/www.lumieredencre.fr\\\/#\\\/schema\\\/logo\\\/image\\\/\",\"url\":\"https:\\\/\\\/www.lumieredencre.fr\\\/wp-content\\\/uploads\\\/2020\\\/07\\\/Logo-LE-3820px-en-300dpi-Gris--scaled.jpg\",\"contentUrl\":\"https:\\\/\\\/www.lumieredencre.fr\\\/wp-content\\\/uploads\\\/2020\\\/07\\\/Logo-LE-3820px-en-300dpi-Gris--scaled.jpg\",\"width\":2560,\"height\":1920,\"caption\":\"Lumi\u00e8re d'Encre\"},\"image\":{\"@id\":\"https:\\\/\\\/www.lumieredencre.fr\\\/#\\\/schema\\\/logo\\\/image\\\/\"},\"sameAs\":[\"https:\\\/\\\/fr-fr.facebook.com\\\/LumieredEncre\",\"https:\\\/\\\/x.com\\\/lumieredencre\",\"https:\\\/\\\/www.instagram.com\\\/lumieredencre\\\/\",\"https:\\\/\\\/www.linkedin.com\\\/in\\\/lumi\u00e8re-d-encre-a57079111\\\/\",\"https:\\\/\\\/www.youtube.com\\\/channel\\\/UCavaW2PxkCTIvqlpBM07aYQ\\\/featured?view_as=subscriber\"]},{\"@type\":\"Person\",\"@id\":\"https:\\\/\\\/www.lumieredencre.fr\\\/#\\\/schema\\\/person\\\/c032a24cac58628dae354f069608c1c6\",\"name\":\"Lumi\u00e8re d\u2019Encre\",\"image\":{\"@type\":\"ImageObject\",\"inLanguage\":\"en-GB\",\"@id\":\"https:\\\/\\\/secure.gravatar.com\\\/avatar\\\/c3f334223a33931c8f70938c1bcc8e5369d14cfe0d88a0dd37dd7c8a45009dca?s=96&d=mm&r=g\",\"url\":\"https:\\\/\\\/secure.gravatar.com\\\/avatar\\\/c3f334223a33931c8f70938c1bcc8e5369d14cfe0d88a0dd37dd7c8a45009dca?s=96&d=mm&r=g\",\"contentUrl\":\"https:\\\/\\\/secure.gravatar.com\\\/avatar\\\/c3f334223a33931c8f70938c1bcc8e5369d14cfe0d88a0dd37dd7c8a45009dca?s=96&d=mm&r=g\",\"caption\":\"Lumi\u00e8re d\u2019Encre\"}}]}<\/script>\n<!-- \/ Yoast SEO plugin. -->","yoast_head_json":{"title":"Inauguration du CAPLE, Centre d\u2019Art et de Photographie Lumi\u00e8re d\u2019Encre -Vendredi 6 mai \u00e0 18h -","robots":{"index":"index","follow":"follow","max-snippet":"max-snippet:-1","max-image-preview":"max-image-preview:large","max-video-preview":"max-video-preview:-1"},"canonical":"https:\/\/www.lumieredencre.fr\/en\/inauguration-du-caple-centre-dart-et-de-photographie-lumiere-dencre\/","og_locale":"en_GB","og_type":"article","og_title":"Inauguration du CAPLE, Centre d\u2019Art et de Photographie Lumi\u00e8re d\u2019Encre -Vendredi 6 mai \u00e0 18h -","og_description":"Vendredi 6 mai \u00e0 partir de 18h nous inaugurons ce nouveau lieu de la photographie \u00e0 C\u00e9ret. C\u2019est avec l\u2019ouverture des premi\u00e8res Rencontres Photographiques du Paysage qu\u2019aura lieu cette inauguration en musique. Vous y \u00eates tous convi\u00e9s. \u00c7a y est, le Centre d\u2019Art et de Photographie Lumi\u00e8re d\u2019Encre \u00e0 C\u00e9ret sera inaugur\u00e9 le 6 mai. Fid\u00e8le \u00e0 notre projet de soutien et de diffusion de la photographie contemporaine, nous avons maintenant un lieu digne pour accompagner les artistes et mettre en valeur l\u2019excellence de la recherche photographique. Inscrit dans un territoire, celui des Pyr\u00e9n\u00e9es-Orientales et plus largement de l\u2019Occitanie, le CAPLE est un cadre facilitant le travail de m\u00e9diation que nous poursuivons depuis bient\u00f4t 15 ans, pour offrir \u00e0 tous les publics une ouverture sur la photographie contemporaine. Depuis deux mois que nous avons investit les lieux, mis \u00e0 disposition par la ville de C\u00e9ret, nous avons d\u00e9j\u00e0 accueilli de nombreuses classes de C\u00e9ret et du d\u00e9partement et nos projets pour l\u2019ann\u00e9e \u00e0 venir fleurissent. Ces trois missions de soutien \u00e0 la cr\u00e9ation, de diffusion de celle-ci et de m\u00e9diations s\u2019accompagnent de l\u2019ouverture vers l\u2019international, quoi de plus \u00e9vident quand on se situe le long d\u2019une fronti\u00e8re. Une nouvelle aventure commence, elle est ouverte \u00e0 toutes et \u00e0 tous. Elle commence par les premi\u00e8res Rencontres Photographiques du Paysage, qui s\u2019ouvriront vendredi 6 mai \u00e0 14h, par une table ronde r\u00e9unissant Dani\u00e8le M\u00e9aux, Nathalie Solomon et Sylvain Duffard, sur la question de paysage en photographie. \u00c0 partir de 18h, d\u00e9buteront les vernissages des expositions de Raymond Depardon, Julia de Cooker et Fran\u00e7oise Beauguion. Cette derni\u00e8re associe le travail de l\u2019artiste, r\u00e9alis\u00e9 en r\u00e9sidence sur le territoire de C\u00e9ret en 2017, avec le travail d\u2019\u00e9l\u00e8ves du coll\u00e8ge et les souvenirs de r\u00e9sidents de l\u2019Ehpad de C\u00e9ret autour des relations m\u00e9morielles que nous entretenons avec les paysages et leurs repr\u00e9sentations photographiques.&nbsp;","og_url":"https:\/\/www.lumieredencre.fr\/en\/inauguration-du-caple-centre-dart-et-de-photographie-lumiere-dencre\/","article_publisher":"https:\/\/fr-fr.facebook.com\/LumieredEncre","article_published_time":"2022-03-24T19:38:17+00:00","article_modified_time":"2022-07-07T13:43:11+00:00","og_image":[{"width":300,"height":225,"url":"https:\/\/www.lumieredencre.fr\/wp-content\/uploads\/2020\/07\/Logo-300x225-px-en-72-dpi-Gris.jpg","type":"image\/jpeg"}],"author":"Lumi\u00e8re d\u2019Encre","twitter_card":"summary_large_image","twitter_creator":"@lumieredencre","twitter_site":"@lumieredencre","twitter_misc":{"Written by":"Lumi\u00e8re d\u2019Encre","Estimated reading time":"2 minutes"},"schema":{"@context":"https:\/\/schema.org","@graph":[{"@type":"Article","@id":"https:\/\/www.lumieredencre.fr\/inauguration-du-caple-centre-dart-et-de-photographie-lumiere-dencre\/#article","isPartOf":{"@id":"https:\/\/www.lumieredencre.fr\/inauguration-du-caple-centre-dart-et-de-photographie-lumiere-dencre\/"},"author":{"name":"Lumi\u00e8re d\u2019Encre","@id":"https:\/\/www.lumieredencre.fr\/#\/schema\/person\/c032a24cac58628dae354f069608c1c6"},"headline":"Inauguration du CAPLE, Centre d\u2019Art et de Photographie Lumi\u00e8re d\u2019Encre -Vendredi 6 mai \u00e0 18h","datePublished":"2022-03-24T19:38:17+00:00","dateModified":"2022-07-07T13:43:11+00:00","mainEntityOfPage":{"@id":"https:\/\/www.lumieredencre.fr\/inauguration-du-caple-centre-dart-et-de-photographie-lumiere-dencre\/"},"wordCount":358,"publisher":{"@id":"https:\/\/www.lumieredencre.fr\/#organization"},"articleSection":["Non class\u00e9"],"inLanguage":"en-GB"},{"@type":"WebPage","@id":"https:\/\/www.lumieredencre.fr\/inauguration-du-caple-centre-dart-et-de-photographie-lumiere-dencre\/","url":"https:\/\/www.lumieredencre.fr\/inauguration-du-caple-centre-dart-et-de-photographie-lumiere-dencre\/","name":"Inauguration du CAPLE, Centre d\u2019Art et de Photographie Lumi\u00e8re d\u2019Encre -Vendredi 6 mai \u00e0 18h -","isPartOf":{"@id":"https:\/\/www.lumieredencre.fr\/#website"},"datePublished":"2022-03-24T19:38:17+00:00","dateModified":"2022-07-07T13:43:11+00:00","breadcrumb":{"@id":"https:\/\/www.lumieredencre.fr\/inauguration-du-caple-centre-dart-et-de-photographie-lumiere-dencre\/#breadcrumb"},"inLanguage":"en-GB","potentialAction":[{"@type":"ReadAction","target":["https:\/\/www.lumieredencre.fr\/inauguration-du-caple-centre-dart-et-de-photographie-lumiere-dencre\/"]}]},{"@type":"BreadcrumbList","@id":"https:\/\/www.lumieredencre.fr\/inauguration-du-caple-centre-dart-et-de-photographie-lumiere-dencre\/#breadcrumb","itemListElement":[{"@type":"ListItem","position":1,"name":"Accueil","item":"https:\/\/www.lumieredencre.fr\/"},{"@type":"ListItem","position":2,"name":"Inauguration du CAPLE, Centre d\u2019Art et de Photographie Lumi\u00e8re d\u2019Encre -Vendredi 6 mai \u00e0 18h"}]},{"@type":"WebSite","@id":"https:\/\/www.lumieredencre.fr\/#website","url":"https:\/\/www.lumieredencre.fr\/","name":"Lumi\u00e8re d Encre","description":"","publisher":{"@id":"https:\/\/www.lumieredencre.fr\/#organization"},"potentialAction":[{"@type":"SearchAction","target":{"@type":"EntryPoint","urlTemplate":"https:\/\/www.lumieredencre.fr\/?s={search_term_string}"},"query-input":{"@type":"PropertyValueSpecification","valueRequired":true,"valueName":"search_term_string"}}],"inLanguage":"en-GB"},{"@type":"Organization","@id":"https:\/\/www.lumieredencre.fr\/#organization","name":"Lumi\u00e8re d'Encre","url":"https:\/\/www.lumieredencre.fr\/","logo":{"@type":"ImageObject","inLanguage":"en-GB","@id":"https:\/\/www.lumieredencre.fr\/#\/schema\/logo\/image\/","url":"https:\/\/www.lumieredencre.fr\/wp-content\/uploads\/2020\/07\/Logo-LE-3820px-en-300dpi-Gris--scaled.jpg","contentUrl":"https:\/\/www.lumieredencre.fr\/wp-content\/uploads\/2020\/07\/Logo-LE-3820px-en-300dpi-Gris--scaled.jpg","width":2560,"height":1920,"caption":"Lumi\u00e8re d'Encre"},"image":{"@id":"https:\/\/www.lumieredencre.fr\/#\/schema\/logo\/image\/"},"sameAs":["https:\/\/fr-fr.facebook.com\/LumieredEncre","https:\/\/x.com\/lumieredencre","https:\/\/www.instagram.com\/lumieredencre\/","https:\/\/www.linkedin.com\/in\/lumi\u00e8re-d-encre-a57079111\/","https:\/\/www.youtube.com\/channel\/UCavaW2PxkCTIvqlpBM07aYQ\/featured?view_as=subscriber"]},{"@type":"Person","@id":"https:\/\/www.lumieredencre.fr\/#\/schema\/person\/c032a24cac58628dae354f069608c1c6","name":"Lumi\u00e8re d'Encre","image":{"@type":"ImageObject","inLanguage":"en-GB","@id":"https:\/\/secure.gravatar.com\/avatar\/c3f334223a33931c8f70938c1bcc8e5369d14cfe0d88a0dd37dd7c8a45009dca?s=96&d=mm&r=g","url":"https:\/\/secure.gravatar.com\/avatar\/c3f334223a33931c8f70938c1bcc8e5369d14cfe0d88a0dd37dd7c8a45009dca?s=96&d=mm&r=g","contentUrl":"https:\/\/secure.gravatar.com\/avatar\/c3f334223a33931c8f70938c1bcc8e5369d14cfe0d88a0dd37dd7c8a45009dca?s=96&d=mm&r=g","caption":"Lumi\u00e8re d\u2019Encre"}}]}},"jetpack_featured_media_url":"","jetpack_sharing_enabled":true,"_links":{"self":[{"href":"https:\/\/www.lumieredencre.fr\/en\/wp-json\/wp\/v2\/posts\/5513","targetHints":{"allow":["GET"]}}],"collection":[{"href":"https:\/\/www.lumieredencre.fr\/en\/wp-json\/wp\/v2\/posts"}],"about":[{"href":"https:\/\/www.lumieredencre.fr\/en\/wp-json\/wp\/v2\/types\/post"}],"author":[{"embeddable":true,"href":"https:\/\/www.lumieredencre.fr\/en\/wp-json\/wp\/v2\/users\/1"}],"replies":[{"embeddable":true,"href":"https:\/\/www.lumieredencre.fr\/en\/wp-json\/wp\/v2\/comments?post=5513"}],"version-history":[{"count":3,"href":"https:\/\/www.lumieredencre.fr\/en\/wp-json\/wp\/v2\/posts\/5513\/revisions"}],"predecessor-version":[{"id":5543,"href":"https:\/\/www.lumieredencre.fr\/en\/wp-json\/wp\/v2\/posts\/5513\/revisions\/5543"}],"wp:attachment":[{"href":"https:\/\/www.lumieredencre.fr\/en\/wp-json\/wp\/v2\/media?parent=5513"}],"wp:term":[{"taxonomy":"category","embeddable":true,"href":"https:\/\/www.lumieredencre.fr\/en\/wp-json\/wp\/v2\/categories?post=5513"},{"taxonomy":"post_tag","embeddable":true,"href":"https:\/\/www.lumieredencre.fr\/en\/wp-json\/wp\/v2\/tags?post=5513"}],"curies":[{"name":"wp","href":"https:\/\/api.w.org\/{rel}","templated":true}]}}